{"id":4325,"date":"2023-09-28T23:23:44","date_gmt":"2023-09-28T22:23:44","guid":{"rendered":"https:\/\/exos.education\/fr\/?p=4325"},"modified":"2023-09-28T23:23:44","modified_gmt":"2023-09-28T22:23:44","slug":"guide-programme-pedagogique-cp-vacances-scolaires","status":"publish","type":"post","link":"https:\/\/exos.education\/fr\/guide-programme-pedagogique-cp-vacances-scolaires\/","title":{"rendered":"Guide Complet du Programme P\u00e9dagogique CP"},"content":{"rendered":"<p>Le CP est une \u00e9tape fondamentale dans le parcours \u00e9ducatif d&rsquo;un enfant. C&rsquo;est l&rsquo;ann\u00e9e o\u00f9 les bases de la lecture, de l&rsquo;\u00e9criture et des math\u00e9matiques sont \u00e9tablies. Si vous \u00eates parent, enseignant ou simplement curieux, d\u00e9couvrez dans ce guide tout ce que vous devez savoir sur le programme p\u00e9dagogique du CP.<\/p>\n<p><a href=\"https:\/\/exos.education\/fr\/exercices-pedagogiques-imprimables-et-gratuits\/niveaux\/cp\/\">D\u00e9couvrez nos exercices de CP<\/a><\/p>\n<p><a href=\"https:\/\/exos.education\/fr\/generateur-dexercices-pedagogiques-en-ligne-et-gratuits\/\">D\u00e9couvrez notre g\u00e9n\u00e9rateur d&rsquo;exercices de CP<\/a><\/p>\n<hr \/>\n<h3><strong>Fran\u00e7ais au CP : Les Premiers Pas dans la Lecture et l&rsquo;\u00c9criture<\/strong><\/h3>\n<p><strong>Lecture<\/strong>:<\/p>\n<ul>\n<li>Apprentissage des lettres de l&rsquo;alphabet et des sons associ\u00e9s.<\/li>\n<li>Lecture de mots simples et de petites phrases. Pour des ressources suppl\u00e9mentaires sur l&rsquo;apprentissage de la lecture, consultez <a href=\"https:\/\/www.lasalledesmaitres.com\/lecture-cp\/\" target=\"_new\" rel=\"noopener\">Lire au CP<\/a>.<\/li>\n<\/ul>\n<p><strong>\u00c9criture<\/strong>:<\/p>\n<ul>\n<li>Apprentissage de l&rsquo;\u00e9criture cursive.<\/li>\n<li>R\u00e9daction de phrases simples. Pour des outils d&rsquo;aide \u00e0 l&rsquo;\u00e9criture, visitez <a href=\"https:\/\/www.editions-retz.com\/ecole-elementaire\/cp\/francais\/calimots-cp-cahier-d-ecriture-cahier-numerique-enseignant-9782725677927.html\" target=\"_new\" rel=\"noopener\">Calimots CP<\/a>.<\/li>\n<\/ul>\n<hr \/>\n<h3><strong>Math\u00e9matiques au CP : D\u00e9couverte des Nombres et des Formes<\/strong><\/h3>\n<p><strong>Nombres et calculs<\/strong>:<\/p>\n<ul>\n<li>Compr\u00e9hension des nombres jusqu&rsquo;\u00e0 100.<\/li>\n<li>Introduction aux op\u00e9rations de base : addition et soustraction. Pour des exercices suppl\u00e9mentaires, visitez <a href=\"https:\/\/www.logicieleducatif.fr\/indexcp.php\" target=\"_new\" rel=\"noopener\">Jeux \u00e9ducatifs en ligne<\/a>.<\/li>\n<\/ul>\n<hr \/>\n<h3><strong>D\u00e9couverte du Monde au CP<\/strong><\/h3>\n<ul>\n<li>Exploration de l&rsquo;environnement proche : la maison, l&rsquo;\u00e9cole, la ville.<\/li>\n<li>Introduction aux notions de temps (jours, mois) et d&rsquo;espace (gauche, droite). Pour une exploration interactive du monde, d\u00e9couvrez <a href=\"https:\/\/www.lumni.fr\/primaire\/cp\/questionner-le-monde\" target=\"_new\" rel=\"noopener\">Lumni &#8211; Questionner le monde<\/a>.<\/li>\n<\/ul>\n<hr \/>\n<h3><strong>\u00c9ducation Artistique et Sportive au CP<\/strong><\/h3>\n<ul>\n<li>D\u00e9couverte des arts visuels et de la musique.<\/li>\n<li>Initiation \u00e0 des activit\u00e9s physiques vari\u00e9es.<\/li>\n<\/ul>\n<hr \/>\n<h3><strong>Enseignement Moral et Civique au CP<\/strong><\/h3>\n<ul>\n<li>Introduction aux notions de respect, de tol\u00e9rance et de solidarit\u00e9.<\/li>\n<li>D\u00e9couverte des r\u00e8gles de vie en soci\u00e9t\u00e9 et \u00e0 l&rsquo;\u00e9cole.<\/li>\n<\/ul>\n<hr \/>\n<h3><strong>Langues Vivantes au CP<\/strong><\/h3>\n<ul>\n<li>Initiation \u00e0 une langue \u00e9trang\u00e8re, g\u00e9n\u00e9ralement l&rsquo;anglais.<\/li>\n<li>D\u00e9couverte de chansons, de jeux et de dialogues simples.<\/li>\n<\/ul>\n<hr \/>\n<h3><strong>R\u00e9partition des Heures d&rsquo;Enseignement au CP<\/strong><\/h3>\n<p>Voici un aper\u00e7u de la distribution typique des heures pour le CP :<\/p>\n<table>\n<thead>\n<tr>\n<th><strong>Mati\u00e8re<\/strong><\/th>\n<th><strong>Heures par semaine<\/strong><\/th>\n<\/tr>\n<\/thead>\n<tbody>\n<tr>\n<td>Fran\u00e7ais<\/td>\n<td>10h<\/td>\n<\/tr>\n<tr>\n<td>Math\u00e9matiques<\/td>\n<td>5h<\/td>\n<\/tr>\n<tr>\n<td>D\u00e9couverte du Monde<\/td>\n<td>2.5h<\/td>\n<\/tr>\n<tr>\n<td>\u00c9ducation Artistique<\/td>\n<td>2h<\/td>\n<\/tr>\n<tr>\n<td>\u00c9ducation Physique et Sportive<\/td>\n<td>3h<\/td>\n<\/tr>\n<tr>\n<td>Enseignement Moral et Civique<\/td>\n<td>0.5h<\/td>\n<\/tr>\n<tr>\n<td>Langues Vivantes<\/td>\n<td>1.5h<\/td>\n<\/tr>\n<tr>\n<td><strong>Total<\/strong><\/td>\n<td><strong>24.5h<\/strong><\/td>\n<\/tr>\n<\/tbody>\n<\/table>\n<hr \/>\n<p><strong>Vacances Scolaires au CP<\/strong><\/p>\n<p>Les vacances scolaires sont des moments essentiels pour le repos et la d\u00e9tente des \u00e9l\u00e8ves. Voici un aper\u00e7u des vacances scolaires pour les \u00e9l\u00e8ves de CP en France :<\/p>\n<p><strong>Calendrier des Vacances Scolaires<\/strong><\/p>\n<ul>\n<li><strong>Vacances de la Toussaint<\/strong> : Deux semaines fin octobre.<\/li>\n<li><strong>Vacances de No\u00ebl<\/strong> : Deux semaines fin d\u00e9cembre.<\/li>\n<li><strong>Vacances d&rsquo;Hiver<\/strong> : Deux semaines en f\u00e9vrier.<\/li>\n<li><strong>Vacances de Printemps<\/strong> : Deux semaines en avril.<\/li>\n<li><strong>Vacances d&rsquo;\u00c9t\u00e9<\/strong> : Deux mois en juillet et ao\u00fbt.<\/li>\n<\/ul>\n<hr \/>\n<p><strong>Conclusion<\/strong><\/p>\n<p>Le CP est une ann\u00e9e essentielle pour poser les fondations de la r\u00e9ussite scolaire. Gr\u00e2ce \u00e0 ce guide complet, vous avez une vue d&rsquo;ensemble du programme p\u00e9dagogique de cette classe. Le soutien et l&rsquo;encouragement sont cruciaux pour aider chaque enfant \u00e0 s&rsquo;\u00e9panouir et \u00e0 progresser.<\/p>\n","protected":false},"excerpt":{"rendered":"<p>Le CP est une \u00e9tape fondamentale dans le parcours \u00e9ducatif d&rsquo;un enfant. C&rsquo;est l&rsquo;ann\u00e9e o\u00f9 les bases de la lecture, de l&rsquo;\u00e9criture et des math\u00e9matiques sont \u00e9tablies. Si vous \u00eates parent, enseignant ou simplement curieux, d\u00e9couvrez dans ce guide tout ce que vous devez savoir sur le programme p\u00e9dagogique du CP. D\u00e9couvrez nos exercices de [&hellip;]<\/p>\n","protected":false},"author":5,"featured_media":4328,"comment_status":"open","ping_status":"open","sticky":false,"template":"","format":"standard","meta":{"_seopress_robots_primary_cat":"none","_seopress_titles_title":"Programme P\u00e9dagogique CP : D\u00e9tails, Horaires et Vacances","_seopress_titles_desc":"D\u00e9couvrez le programme d\u00e9taill\u00e9 du CP, la r\u00e9partition des heures par mati\u00e8re et le calendrier des vacances scolaires. Un guide essentiel pour les parents et les enseignants.","_seopress_robots_index":"","_et_pb_use_builder":"","_et_pb_old_content":"","_et_gb_content_width":"","footnotes":""},"categories":[63],"tags":[],"class_list":["post-4325","post","type-post","status-publish","format-standard","has-post-thumbnail","hentry","category-programmes-pedagogiques"],"_links":{"self":[{"href":"https:\/\/exos.education\/fr\/wp-json\/wp\/v2\/posts\/4325","targetHints":{"allow":["GET"]}}],"collection":[{"href":"https:\/\/exos.education\/fr\/wp-json\/wp\/v2\/posts"}],"about":[{"href":"https:\/\/exos.education\/fr\/wp-json\/wp\/v2\/types\/post"}],"author":[{"embeddable":true,"href":"https:\/\/exos.education\/fr\/wp-json\/wp\/v2\/users\/5"}],"replies":[{"embeddable":true,"href":"https:\/\/exos.education\/fr\/wp-json\/wp\/v2\/comments?post=4325"}],"version-history":[{"count":1,"href":"https:\/\/exos.education\/fr\/wp-json\/wp\/v2\/posts\/4325\/revisions"}],"predecessor-version":[{"id":9494,"href":"https:\/\/exos.education\/fr\/wp-json\/wp\/v2\/posts\/4325\/revisions\/9494"}],"wp:featuredmedia":[{"embeddable":true,"href":"https:\/\/exos.education\/fr\/wp-json\/wp\/v2\/media\/4328"}],"wp:attachment":[{"href":"https:\/\/exos.education\/fr\/wp-json\/wp\/v2\/media?parent=4325"}],"wp:term":[{"taxonomy":"category","embeddable":true,"href":"https:\/\/exos.education\/fr\/wp-json\/wp\/v2\/categories?post=4325"},{"taxonomy":"post_tag","embeddable":true,"href":"https:\/\/exos.education\/fr\/wp-json\/wp\/v2\/tags?post=4325"}],"curies":[{"name":"wp","href":"https:\/\/api.w.org\/{rel}","templated":true}]}}