{"id":4330,"date":"2023-09-28T23:23:42","date_gmt":"2023-09-28T22:23:42","guid":{"rendered":"https:\/\/exos.education\/fr\/?p=4330"},"modified":"2023-09-28T23:23:42","modified_gmt":"2023-09-28T22:23:42","slug":"guide-programme-pedagogique-ce2-vacances-scolaires","status":"publish","type":"post","link":"https:\/\/exos.education\/fr\/guide-programme-pedagogique-ce2-vacances-scolaires\/","title":{"rendered":"Guide Complet du Programme P\u00e9dagogique CE2"},"content":{"rendered":"<p>Le CE2 est une ann\u00e9e charni\u00e8re dans le parcours \u00e9ducatif d&rsquo;un enfant, consolidant les bases tout en introduisant de nouveaux concepts. Si vous \u00eates parent, enseignant ou simplement curieux, d\u00e9couvrez dans ce guide tout ce que vous devez savoir sur le programme p\u00e9dagogique du CE2.<\/p>\n<p><a href=\"https:\/\/exos.education\/fr\/exercices-pedagogiques-imprimables-et-gratuits\/niveaux\/ce2\/\">D\u00e9couvrez nos exercices de CE2<\/a><\/p>\n<p><a href=\"https:\/\/exos.education\/fr\/generateur-dexercices-pedagogiques-en-ligne-et-gratuits\/\">D\u00e9couvrez notre g\u00e9n\u00e9rateur d&rsquo;exercices de CE2<\/a><\/p>\n<hr \/>\n<h3><strong>Fran\u00e7ais au CE2 : Approfondissement de la Lecture et de l&rsquo;\u00c9criture<\/strong><\/h3>\n<p><strong>Lecture<\/strong>:<\/p>\n<ul>\n<li>Lecture fluide de textes vari\u00e9s et compr\u00e9hension approfondie. Pour des ressources suppl\u00e9mentaires sur l&rsquo;apprentissage de la lecture, consultez <a href=\"https:\/\/eduscol.education.fr\/3830\/francais-cycle-2\" target=\"_new\" rel=\"noopener\">\u00c9duscol &#8211; Fran\u00e7ais au cycle 2<\/a>.<\/li>\n<\/ul>\n<p><strong>\u00c9criture<\/strong>:<\/p>\n<ul>\n<li>R\u00e9daction de textes plus \u00e9labor\u00e9s et perfectionnement de l&rsquo;\u00e9criture cursive. Pour des outils d&rsquo;aide \u00e0 l&rsquo;\u00e9criture, visitez <a href=\"https:\/\/www.editions-retz.com\/ecole-elementaire\/ce2\/francais\/ecriture\" target=\"_new\" rel=\"noopener\">\u00c9ditions Retz &#8211; \u00c9criture CE2<\/a>.<\/li>\n<\/ul>\n<hr \/>\n<h3><strong>Math\u00e9matiques au CE2 : Consolidation des Fondamentaux<\/strong><\/h3>\n<p><strong>Nombres et calculs<\/strong>:<\/p>\n<ul>\n<li>Ma\u00eetrise des op\u00e9rations de base et introduction \u00e0 la multiplication et \u00e0 la division. Pour des exercices suppl\u00e9mentaires, visitez <a href=\"https:\/\/www.logicieleducatif.fr\/indexce2.php\" target=\"_new\" rel=\"noopener\">Jeux \u00e9ducatifs en ligne &#8211; CE2<\/a>.<\/li>\n<\/ul>\n<hr \/>\n<h3><strong>D\u00e9couverte du Monde au CE2<\/strong><\/h3>\n<ul>\n<li>Exploration approfondie de l&rsquo;environnement, des ph\u00e9nom\u00e8nes naturels et des bases de la g\u00e9ographie. Pour une exploration interactive du monde, d\u00e9couvrez <a href=\"https:\/\/www.lumni.fr\/primaire\/ce2\/questionner-le-monde\" target=\"_new\" rel=\"noopener\">Lumni &#8211; Questionner le monde CE2<\/a>.<\/li>\n<\/ul>\n<hr \/>\n<h3><strong>\u00c9ducation Artistique et Sportive au CE2<\/strong><\/h3>\n<ul>\n<li>D\u00e9couverte des arts visuels, de la musique et du th\u00e9\u00e2tre.<\/li>\n<li>Participation \u00e0 des activit\u00e9s physiques vari\u00e9es et \u00e0 des comp\u00e9titions sportives.<\/li>\n<\/ul>\n<hr \/>\n<h3><strong>Enseignement Moral et Civique au CE2<\/strong><\/h3>\n<ul>\n<li>Approfondissement des notions de respect, de tol\u00e9rance et de solidarit\u00e9.<\/li>\n<li>\u00c9tude des institutions fran\u00e7aises et des symboles de la R\u00e9publique.<\/li>\n<\/ul>\n<hr \/>\n<h3><strong>Langues Vivantes au CE2<\/strong><\/h3>\n<ul>\n<li>Consolidation des bases en langue \u00e9trang\u00e8re, g\u00e9n\u00e9ralement l&rsquo;anglais.<\/li>\n<li>D\u00e9couverte de la culture et des traditions des pays anglophones.<\/li>\n<\/ul>\n<hr \/>\n<h3><strong>Sciences et Technologie au CE2<\/strong><\/h3>\n<ul>\n<li>Introduction \u00e0 la biologie, \u00e0 la physique et \u00e0 la chimie.<\/li>\n<li>D\u00e9couverte des inventions et des avanc\u00e9es technologiques.<\/li>\n<\/ul>\n<hr \/>\n<h3><strong>Histoire-G\u00e9ographie au CE2<\/strong><\/h3>\n<ul>\n<li>\u00c9tude des grandes p\u00e9riodes de l&rsquo;histoire, des civilisations anciennes \u00e0 l&rsquo;\u00e9poque contemporaine.<\/li>\n<li>D\u00e9couverte des continents, des pays et des cultures du monde.<\/li>\n<\/ul>\n<hr \/>\n<h3><strong>R\u00e9partition des Heures d&rsquo;Enseignement au CE2<\/strong><\/h3>\n<p>Voici un aper\u00e7u de la distribution typique des heures pour le CE2 :<\/p>\n<table>\n<thead>\n<tr>\n<th><strong>Mati\u00e8re<\/strong><\/th>\n<th><strong>Heures par semaine<\/strong><\/th>\n<\/tr>\n<\/thead>\n<tbody>\n<tr>\n<td>Fran\u00e7ais<\/td>\n<td>10h<\/td>\n<\/tr>\n<tr>\n<td>Math\u00e9matiques<\/td>\n<td>5h<\/td>\n<\/tr>\n<tr>\n<td>D\u00e9couverte du Monde<\/td>\n<td>2.5h<\/td>\n<\/tr>\n<tr>\n<td>\u00c9ducation Artistique<\/td>\n<td>2h<\/td>\n<\/tr>\n<tr>\n<td>\u00c9ducation Physique et Sportive<\/td>\n<td>3h<\/td>\n<\/tr>\n<tr>\n<td>Enseignement Moral et Civique<\/td>\n<td>0.5h<\/td>\n<\/tr>\n<tr>\n<td>Langues Vivantes<\/td>\n<td>1.5h<\/td>\n<\/tr>\n<tr>\n<td>Sciences et Technologie<\/td>\n<td>2h<\/td>\n<\/tr>\n<tr>\n<td>Histoire-G\u00e9ographie<\/td>\n<td>2h<\/td>\n<\/tr>\n<tr>\n<td><strong>Total<\/strong><\/td>\n<td><strong>29h<\/strong><\/td>\n<\/tr>\n<\/tbody>\n<\/table>\n<hr \/>\n<p><strong>Vacances Scolaires au CE2<\/strong><\/p>\n<p>Les vacances scolaires sont des moments essentiels pour le repos et la d\u00e9tente des \u00e9l\u00e8ves. Voici un aper\u00e7u des vacances scolaires pour les \u00e9l\u00e8ves de CE2 en France :<\/p>\n<p><strong>Calendrier des Vacances Scolaires<\/strong><\/p>\n<ul>\n<li><strong>Vacances de la Toussaint<\/strong> : Deux semaines fin octobre.<\/li>\n<li><strong>Vacances de No\u00ebl<\/strong> : Deux semaines fin d\u00e9cembre.<\/li>\n<li><strong>Vacances d&rsquo;Hiver<\/strong> : Deux semaines en f\u00e9vrier.<\/li>\n<li><strong>Vacances de Printemps<\/strong> : Deux semaines en avril.<\/li>\n<li><strong>Vacances d&rsquo;\u00c9t\u00e9<\/strong> : Deux mois en juillet et ao\u00fbt.<\/li>\n<\/ul>\n<hr \/>\n<p><strong>Conclusion<\/strong><\/p>\n<p>Le CE2 est une ann\u00e9e cl\u00e9 pour renforcer les acquis et introduire de nouveaux concepts. Gr\u00e2ce \u00e0 ce guide complet, vous avez une vue d&rsquo;ensemble du programme p\u00e9dagogique de cette classe. Le soutien et l&rsquo;encouragement sont cruciaux pour aider chaque enfant \u00e0 s&rsquo;\u00e9panouir et \u00e0 progresser.<\/p>\n","protected":false},"excerpt":{"rendered":"<p>Le CE2 est une ann\u00e9e charni\u00e8re dans le parcours \u00e9ducatif d&rsquo;un enfant, consolidant les bases tout en introduisant de nouveaux concepts. Si vous \u00eates parent, enseignant ou simplement curieux, d\u00e9couvrez dans ce guide tout ce que vous devez savoir sur le programme p\u00e9dagogique du CE2. D\u00e9couvrez nos exercices de CE2 D\u00e9couvrez notre g\u00e9n\u00e9rateur d&rsquo;exercices de [&hellip;]<\/p>\n","protected":false},"author":5,"featured_media":4346,"comment_status":"open","ping_status":"open","sticky":false,"template":"","format":"standard","meta":{"_seopress_robots_primary_cat":"none","_seopress_titles_title":"Programme P\u00e9dagogique CE2 : D\u00e9tails, Horaires et Vacances","_seopress_titles_desc":"D\u00e9couvrez le programme d\u00e9taill\u00e9 du CE2, la r\u00e9partition des heures par mati\u00e8re et le calendrier des vacances scolaires. Un guide essentiel pour les parents et les enseignants.","_seopress_robots_index":"","_et_pb_use_builder":"","_et_pb_old_content":"","_et_gb_content_width":"","footnotes":""},"categories":[63],"tags":[],"class_list":["post-4330","post","type-post","status-publish","format-standard","has-post-thumbnail","hentry","category-programmes-pedagogiques"],"_links":{"self":[{"href":"https:\/\/exos.education\/fr\/wp-json\/wp\/v2\/posts\/4330","targetHints":{"allow":["GET"]}}],"collection":[{"href":"https:\/\/exos.education\/fr\/wp-json\/wp\/v2\/posts"}],"about":[{"href":"https:\/\/exos.education\/fr\/wp-json\/wp\/v2\/types\/post"}],"author":[{"embeddable":true,"href":"https:\/\/exos.education\/fr\/wp-json\/wp\/v2\/users\/5"}],"replies":[{"embeddable":true,"href":"https:\/\/exos.education\/fr\/wp-json\/wp\/v2\/comments?post=4330"}],"version-history":[{"count":1,"href":"https:\/\/exos.education\/fr\/wp-json\/wp\/v2\/posts\/4330\/revisions"}],"predecessor-version":[{"id":9492,"href":"https:\/\/exos.education\/fr\/wp-json\/wp\/v2\/posts\/4330\/revisions\/9492"}],"wp:featuredmedia":[{"embeddable":true,"href":"https:\/\/exos.education\/fr\/wp-json\/wp\/v2\/media\/4346"}],"wp:attachment":[{"href":"https:\/\/exos.education\/fr\/wp-json\/wp\/v2\/media?parent=4330"}],"wp:term":[{"taxonomy":"category","embeddable":true,"href":"https:\/\/exos.education\/fr\/wp-json\/wp\/v2\/categories?post=4330"},{"taxonomy":"post_tag","embeddable":true,"href":"https:\/\/exos.education\/fr\/wp-json\/wp\/v2\/tags?post=4330"}],"curies":[{"name":"wp","href":"https:\/\/api.w.org\/{rel}","templated":true}]}}