{"id":4343,"date":"2023-09-28T23:23:43","date_gmt":"2023-09-28T22:23:43","guid":{"rendered":"https:\/\/exos.education\/fr\/?p=4343"},"modified":"2023-09-28T23:23:43","modified_gmt":"2023-09-28T22:23:43","slug":"guide-programme-pedagogique-cm2-vacances-scolaires","status":"publish","type":"post","link":"https:\/\/exos.education\/fr\/guide-programme-pedagogique-cm2-vacances-scolaires\/","title":{"rendered":"Guide Complet du Programme P\u00e9dagogique CM2"},"content":{"rendered":"<p>Le CM2 est une ann\u00e9e cruciale dans la pr\u00e9paration de l&rsquo;entr\u00e9e au coll\u00e8ge. Les \u00e9l\u00e8ves consolident leurs acquis et se pr\u00e9parent \u00e0 de nouveaux d\u00e9fis acad\u00e9miques. Si vous \u00eates parent, enseignant ou simplement curieux, d\u00e9couvrez dans ce guide tout ce que vous devez savoir sur le programme p\u00e9dagogique du CM2.<\/p>\n<p><a href=\"https:\/\/exos.education\/fr\/exercices-pedagogiques-imprimables-et-gratuits\/niveaux\/cm2\/\">D\u00e9couvrez nos exercices de CM2<\/a><\/p>\n<p><a href=\"https:\/\/exos.education\/fr\/generateur-dexercices-pedagogiques-en-ligne-et-gratuits\/\">D\u00e9couvrez notre g\u00e9n\u00e9rateur d&rsquo;exercices de CM2<\/a><\/p>\n<hr \/>\n<h3><strong>Fran\u00e7ais au CM2 : Perfectionnement de la Lecture et de l&rsquo;\u00c9criture<\/strong><\/h3>\n<p><strong>Lecture<\/strong>:<\/p>\n<ul>\n<li>Analyse et interpr\u00e9tation de textes vari\u00e9s. Pour des ressources suppl\u00e9mentaires sur la lecture, consultez <a href=\"https:\/\/www.bienenseigner.com\/lecture-comprehension-cm2\/\" target=\"_new\" rel=\"noopener\">Bien Enseigner &#8211; Lecture compr\u00e9hension CM2<\/a>.<\/li>\n<\/ul>\n<p><strong>\u00c9criture<\/strong>:<\/p>\n<ul>\n<li>R\u00e9daction de textes complexes et utilisation avanc\u00e9e de la grammaire. Pour des outils d&rsquo;aide \u00e0 l&rsquo;\u00e9criture, visitez <a href=\"https:\/\/www.editions-retz.com\/ecole-elementaire\/cm2\/francais\/ecriture\" target=\"_new\" rel=\"noopener\">\u00c9ditions Retz &#8211; \u00c9criture CM2<\/a>.<\/li>\n<\/ul>\n<p><strong>Exemples de sujets<\/strong>:<\/p>\n<ul>\n<li>Analyse d&rsquo;un extrait de \u00ab\u00a0Le Petit Prince\u00a0\u00bb d&rsquo;Antoine de Saint-Exup\u00e9ry.<\/li>\n<li>R\u00e9daction d&rsquo;une lettre formelle \u00e0 un auteur pour lui poser des questions sur son \u0153uvre.<\/li>\n<li>\u00c9tude des figures de style dans un po\u00e8me de Victor Hugo.<\/li>\n<\/ul>\n<hr \/>\n<h3><strong>Math\u00e9matiques au CM2 : Pr\u00e9paration aux Math\u00e9matiques du Coll\u00e8ge<\/strong><\/h3>\n<p><strong>Nombres et calculs<\/strong>:<\/p>\n<ul>\n<li>Ma\u00eetrise des op\u00e9rations complexes et introduction \u00e0 l&rsquo;alg\u00e8bre. Pour des exercices suppl\u00e9mentaires, visitez <a href=\"https:\/\/fr.ixl.com\/maths\/cm2\" target=\"_new\" rel=\"noopener\">IXL &#8211; Maths CM2<\/a>.<\/li>\n<\/ul>\n<p><strong>Exemples de sujets<\/strong>:<\/p>\n<ul>\n<li>R\u00e9solution de probl\u00e8mes impliquant des fractions et des pourcentages.<\/li>\n<li>Introduction \u00e0 la g\u00e9om\u00e9trie dans l&rsquo;espace avec la construction de solides.<\/li>\n<li>\u00c9tude des propri\u00e9t\u00e9s des quadrilat\u00e8res.<\/li>\n<\/ul>\n<hr \/>\n<h3><strong>D\u00e9couverte du Monde au CM2<\/strong><\/h3>\n<ul>\n<li>\u00c9tude approfondie de la g\u00e9ographie, de l&rsquo;histoire et des sciences. Pour une exploration interactive du monde, d\u00e9couvrez <a href=\"https:\/\/enseignants.nathan.fr\/catalogue\/decouverte-du-monde-cycle-2-manuel-numerique-simple-enseignant-a-telecharger-a-consulter-en-ligne-3133091098353.html\" target=\"_new\" rel=\"noopener\">Nathan &#8211; D\u00e9couverte du monde Cycle 2<\/a>.<\/li>\n<\/ul>\n<p><strong>Exemples de sujets<\/strong>:<\/p>\n<ul>\n<li>\u00c9tude du cycle de l&rsquo;eau et de son importance pour l&rsquo;environnement.<\/li>\n<li>D\u00e9couverte des grandes explorations et des navigateurs c\u00e9l\u00e8bres.<\/li>\n<li>Projet sur les \u00e9nergies renouvelables et leur impact sur le futur.<\/li>\n<\/ul>\n<hr \/>\n<h3><strong>\u00c9ducation Artistique et Sportive au CM2<\/strong><\/h3>\n<ul>\n<li>Exploration avanc\u00e9e des arts visuels, de la musique et du th\u00e9\u00e2tre.<\/li>\n<li>Participation \u00e0 des activit\u00e9s physiques vari\u00e9es et \u00e0 des comp\u00e9titions sportives.<\/li>\n<\/ul>\n<p><strong>Exemples de sujets<\/strong>:<\/p>\n<ul>\n<li>Analyse d&rsquo;une \u0153uvre d&rsquo;art du Mus\u00e9e du Louvre.<\/li>\n<li>Cr\u00e9ation d&rsquo;une chor\u00e9graphie sur une musique contemporaine.<\/li>\n<li>Mise en sc\u00e8ne d&rsquo;une courte pi\u00e8ce de th\u00e9\u00e2tre.<\/li>\n<\/ul>\n<hr \/>\n<h3><strong>Enseignement Moral et Civique au CM2<\/strong><\/h3>\n<ul>\n<li>\u00c9tude des droits de l&rsquo;homme, de la citoyennet\u00e9 et des institutions fran\u00e7aises.<\/li>\n<\/ul>\n<p><strong>Exemples de sujets<\/strong>:<\/p>\n<ul>\n<li>D\u00e9bat sur les droits des enfants \u00e0 travers le monde.<\/li>\n<li>Projet sur les symboles de la R\u00e9publique Fran\u00e7aise.<\/li>\n<li>R\u00e9flexion sur l&rsquo;importance du vote et de la d\u00e9mocratie.<\/li>\n<\/ul>\n<hr \/>\n<h3><strong>Langues Vivantes au CM2<\/strong><\/h3>\n<ul>\n<li>Perfectionnement en langue \u00e9trang\u00e8re, g\u00e9n\u00e9ralement l&rsquo;anglais.<\/li>\n<li>\u00c9tude avanc\u00e9e de la culture et des traditions des pays anglophones.<\/li>\n<\/ul>\n<p><strong>Exemples de sujets<\/strong>:<\/p>\n<ul>\n<li>Pr\u00e9sentation orale sur une ville anglophone de son choix.<\/li>\n<li>\u00c9tude d&rsquo;une chanson populaire en anglais et traduction des paroles.<\/li>\n<li>Jeu de r\u00f4le en magasin pour pratiquer le vocabulaire de l&rsquo;achat.<\/li>\n<\/ul>\n<hr \/>\n<h3><strong>Sciences et Technologie au CM2<\/strong><\/h3>\n<ul>\n<li>\u00c9tude approfondie de la biologie, de la physique, de la chimie et de la technologie.<\/li>\n<\/ul>\n<p><strong>Exemples de sujets<\/strong>:<\/p>\n<ul>\n<li>Exp\u00e9rience sur les volcans et \u00e9tude des \u00e9ruptions.<\/li>\n<li>Projet sur l&rsquo;importance des abeilles dans la pollinisation.<\/li>\n<li>D\u00e9couverte des plan\u00e8tes du syst\u00e8me solaire.<\/li>\n<\/ul>\n<hr \/>\n<h3><strong>Histoire-G\u00e9ographie au CM2<\/strong><\/h3>\n<ul>\n<li>\u00c9tude des grandes p\u00e9riodes de l&rsquo;histoire, des civilisations anciennes \u00e0 l&rsquo;\u00e9poque contemporaine.<\/li>\n<li>D\u00e9couverte des continents, des pays et des cultures du monde.<\/li>\n<\/ul>\n<p><strong>Exemples de sujets<\/strong>:<\/p>\n<ul>\n<li>\u00c9tude de la R\u00e9volution Fran\u00e7aise et de ses acteurs principaux.<\/li>\n<li>Projet sur les merveilles du monde antique.<\/li>\n<li>Cartographie des principaux fleuves et montagnes de France.<\/li>\n<\/ul>\n<hr \/>\n<h3><strong>R\u00e9partition des Heures d&rsquo;Enseignement au CM2<\/strong><\/h3>\n<p>Voici un aper\u00e7u de la distribution typique des heures pour le CM2 :<\/p>\n<table>\n<thead>\n<tr>\n<th><strong>Mati\u00e8re<\/strong><\/th>\n<th><strong>Heures par semaine<\/strong><\/th>\n<\/tr>\n<\/thead>\n<tbody>\n<tr>\n<td>Fran\u00e7ais<\/td>\n<td>10h<\/td>\n<\/tr>\n<tr>\n<td>Math\u00e9matiques<\/td>\n<td>5h<\/td>\n<\/tr>\n<tr>\n<td>D\u00e9couverte du Monde<\/td>\n<td>3h<\/td>\n<\/tr>\n<tr>\n<td>\u00c9ducation Artistique<\/td>\n<td>2h<\/td>\n<\/tr>\n<tr>\n<td>\u00c9ducation Physique et Sportive<\/td>\n<td>3h<\/td>\n<\/tr>\n<tr>\n<td>Enseignement Moral et Civique<\/td>\n<td>1h<\/td>\n<\/tr>\n<tr>\n<td>Langues Vivantes<\/td>\n<td>2h<\/td>\n<\/tr>\n<tr>\n<td>Sciences et Technologie<\/td>\n<td>3h<\/td>\n<\/tr>\n<tr>\n<td>Histoire-G\u00e9ographie<\/td>\n<td>2h<\/td>\n<\/tr>\n<tr>\n<td><strong>Total<\/strong><\/td>\n<td><strong>31h<\/strong><\/td>\n<\/tr>\n<\/tbody>\n<\/table>\n<hr \/>\n<p><strong>Vacances Scolaires au CM2<\/strong><\/p>\n<p>Les vacances scolaires sont des moments essentiels pour le repos et la d\u00e9tente des \u00e9l\u00e8ves. Voici un aper\u00e7u des vacances scolaires pour les \u00e9l\u00e8ves de CM2 en France :<\/p>\n<p><strong>Calendrier des Vacances Scolaires<\/strong><\/p>\n<ul>\n<li><strong>Vacances de la Toussaint<\/strong> : Deux semaines fin octobre.<\/li>\n<li><strong>Vacances de No\u00ebl<\/strong> : Deux semaines fin d\u00e9cembre.<\/li>\n<li><strong>Vacances d&rsquo;Hiver<\/strong> : Deux semaines en f\u00e9vrier.<\/li>\n<li><strong>Vacances de Printemps<\/strong> : Deux semaines en avril.<\/li>\n<li><strong>Vacances d&rsquo;\u00c9t\u00e9<\/strong> : Deux mois en juillet et ao\u00fbt.<\/li>\n<\/ul>\n<hr \/>\n<p><strong>Conclusion<\/strong><\/p>\n<p>Le CM2 est une ann\u00e9e d\u00e9terminante pour la pr\u00e9paration \u00e0 l&rsquo;entr\u00e9e au coll\u00e8ge. Gr\u00e2ce \u00e0 ce guide complet, vous avez une vue d&rsquo;ensemble du programme p\u00e9dagogique de cette classe. Le soutien et l&rsquo;encouragement sont cruciaux pour aider chaque enfant \u00e0 s&rsquo;\u00e9panouir et \u00e0 progresser.<\/p>\n","protected":false},"excerpt":{"rendered":"<p>Le CM2 est une ann\u00e9e cruciale dans la pr\u00e9paration de l&rsquo;entr\u00e9e au coll\u00e8ge. Les \u00e9l\u00e8ves consolident leurs acquis et se pr\u00e9parent \u00e0 de nouveaux d\u00e9fis acad\u00e9miques. Si vous \u00eates parent, enseignant ou simplement curieux, d\u00e9couvrez dans ce guide tout ce que vous devez savoir sur le programme p\u00e9dagogique du CM2. D\u00e9couvrez nos exercices de CM2 [&hellip;]<\/p>\n","protected":false},"author":5,"featured_media":4369,"comment_status":"open","ping_status":"open","sticky":false,"template":"","format":"standard","meta":{"_seopress_robots_primary_cat":"none","_seopress_titles_title":"Programme P\u00e9dagogique CM2 : D\u00e9tails, Horaires et Vacances Scolaires","_seopress_titles_desc":"D\u00e9couvrez le programme d\u00e9taill\u00e9 du CM2, la r\u00e9partition des heures par mati\u00e8re et le calendrier des vacances scolaires. Un guide essentiel pour les parents et les enseignants.","_seopress_robots_index":"","_et_pb_use_builder":"","_et_pb_old_content":"","_et_gb_content_width":"","footnotes":""},"categories":[63],"tags":[],"class_list":["post-4343","post","type-post","status-publish","format-standard","has-post-thumbnail","hentry","category-programmes-pedagogiques"],"_links":{"self":[{"href":"https:\/\/exos.education\/fr\/wp-json\/wp\/v2\/posts\/4343","targetHints":{"allow":["GET"]}}],"collection":[{"href":"https:\/\/exos.education\/fr\/wp-json\/wp\/v2\/posts"}],"about":[{"href":"https:\/\/exos.education\/fr\/wp-json\/wp\/v2\/types\/post"}],"author":[{"embeddable":true,"href":"https:\/\/exos.education\/fr\/wp-json\/wp\/v2\/users\/5"}],"replies":[{"embeddable":true,"href":"https:\/\/exos.education\/fr\/wp-json\/wp\/v2\/comments?post=4343"}],"version-history":[{"count":1,"href":"https:\/\/exos.education\/fr\/wp-json\/wp\/v2\/posts\/4343\/revisions"}],"predecessor-version":[{"id":9493,"href":"https:\/\/exos.education\/fr\/wp-json\/wp\/v2\/posts\/4343\/revisions\/9493"}],"wp:featuredmedia":[{"embeddable":true,"href":"https:\/\/exos.education\/fr\/wp-json\/wp\/v2\/media\/4369"}],"wp:attachment":[{"href":"https:\/\/exos.education\/fr\/wp-json\/wp\/v2\/media?parent=4343"}],"wp:term":[{"taxonomy":"category","embeddable":true,"href":"https:\/\/exos.education\/fr\/wp-json\/wp\/v2\/categories?post=4343"},{"taxonomy":"post_tag","embeddable":true,"href":"https:\/\/exos.education\/fr\/wp-json\/wp\/v2\/tags?post=4343"}],"curies":[{"name":"wp","href":"https:\/\/api.w.org\/{rel}","templated":true}]}}