{"id":4348,"date":"2023-09-28T23:23:45","date_gmt":"2023-09-28T22:23:45","guid":{"rendered":"https:\/\/exos.education\/fr\/?p=4348"},"modified":"2023-09-28T23:23:45","modified_gmt":"2023-09-28T22:23:45","slug":"guide-complet-du-programme-pedagogique-6eme","status":"publish","type":"post","link":"https:\/\/exos.education\/fr\/guide-complet-du-programme-pedagogique-6eme\/","title":{"rendered":"Guide Complet du Programme P\u00e9dagogique 6\u00e8me"},"content":{"rendered":"<p>La 6\u00e8me marque le d\u00e9but du coll\u00e8ge et repr\u00e9sente une \u00e9tape importante dans le parcours scolaire des \u00e9l\u00e8ves. Avec l&rsquo;introduction de nouvelles mati\u00e8res et une approche p\u00e9dagogique diff\u00e9rente, cette ann\u00e9e est cruciale pour la suite de leur scolarit\u00e9. D\u00e9couvrez tout ce que vous devez savoir sur le programme de la 6\u00e8me.<\/p>\n<p><a href=\"https:\/\/exos.education\/fr\/exercices-pedagogiques-imprimables-et-gratuits\/niveaux\/6eme\/\">D\u00e9couvrez nos exercices de 6\u00e8me<\/a><\/p>\n<p><a href=\"https:\/\/exos.education\/fr\/generateur-dexercices-pedagogiques-en-ligne-et-gratuits\/\">D\u00e9couvrez notre g\u00e9n\u00e9rateur d&rsquo;exercices de 6\u00e8me<\/a><\/p>\n<hr \/>\n<h3><strong>Fran\u00e7ais en 6\u00e8me : Approfondissement des Comp\u00e9tences Linguistiques<\/strong><\/h3>\n<p><strong>Lecture<\/strong>:<\/p>\n<ul>\n<li>Analyse de textes litt\u00e9raires et d\u00e9veloppement de la compr\u00e9hension. Pour des ressources suppl\u00e9mentaires, consultez <a href=\"https:\/\/enseigner.tv5monde.com\/fiches-pedagogiques-fle\" target=\"_new\" rel=\"noopener\">TV5MONDE &#8211; Fiches p\u00e9dagogiques<\/a>.<\/li>\n<\/ul>\n<p><strong>\u00c9criture<\/strong>:<\/p>\n<ul>\n<li>R\u00e9daction de textes argumentatifs et narratifs.<\/li>\n<\/ul>\n<p><strong>Exemples de sujets<\/strong>:<\/p>\n<ul>\n<li>\u00c9tude d&rsquo;un extrait de \u00ab\u00a0Vendredi ou la vie sauvage\u00a0\u00bb de Michel Tournier.<\/li>\n<li>R\u00e9daction d&rsquo;un conte original.<\/li>\n<li>Analyse des caract\u00e9ristiques du roman d&rsquo;aventure.<\/li>\n<\/ul>\n<hr \/>\n<h3><strong>Math\u00e9matiques en 6\u00e8me : Introduction aux Concepts Cl\u00e9s<\/strong><\/h3>\n<p><strong>Nombres et calculs<\/strong>:<\/p>\n<ul>\n<li>Ma\u00eetrise des nombres d\u00e9cimaux et des fractions. Pour des exercices suppl\u00e9mentaires, visitez <a href=\"https:\/\/www.lumni.fr\/college\/sixieme\/mathematiques\" target=\"_new\" rel=\"noopener\">Lumni &#8211; Maths en 6\u00e8me<\/a>.<\/li>\n<\/ul>\n<p><strong>Exemples de sujets<\/strong>:<\/p>\n<ul>\n<li>R\u00e9solution de probl\u00e8mes impliquant des pourcentages.<\/li>\n<li>Introduction \u00e0 la notion de proportionnalit\u00e9.<\/li>\n<li>\u00c9tude des propri\u00e9t\u00e9s des triangles.<\/li>\n<\/ul>\n<hr \/>\n<h3><strong>Histoire-G\u00e9ographie en 6\u00e8me<\/strong><\/h3>\n<ul>\n<li>\u00c9tude des civilisations antiques et introduction \u00e0 la g\u00e9ographie mondiale. Pour des ressources suppl\u00e9mentaires, consultez <a href=\"https:\/\/college.editions-bordas.fr\/9782047333563\" target=\"_new\" rel=\"noopener\">Bordas &#8211; Histoire-G\u00e9ographie 6\u00e8me<\/a>.<\/li>\n<\/ul>\n<p><strong>Exemples de sujets<\/strong>:<\/p>\n<ul>\n<li>D\u00e9couverte de la civilisation \u00e9gyptienne et de ses pharaons.<\/li>\n<li>\u00c9tude des cit\u00e9s-\u00c9tats grecques.<\/li>\n<li>Cartographie des continents et oc\u00e9ans.<\/li>\n<\/ul>\n<hr \/>\n<h3><strong>Sciences et Technologie en 6\u00e8me<\/strong><\/h3>\n<ul>\n<li>Introduction \u00e0 la biologie, \u00e0 la physique et \u00e0 la technologie. Pour des ressources suppl\u00e9mentaires, d\u00e9couvrez <a href=\"https:\/\/sciences-et-technologie.editions-bordas.fr\/\" target=\"_new\" rel=\"noopener\">Bordas &#8211; Sciences et Technologie 6\u00e8me<\/a>.<\/li>\n<\/ul>\n<p><strong>Exemples de sujets<\/strong>:<\/p>\n<ul>\n<li>\u00c9tude du syst\u00e8me solaire et des mouvements de la Terre.<\/li>\n<li>Exp\u00e9riences sur les m\u00e9langes et les solutions.<\/li>\n<li>Projet sur la conception d&rsquo;un objet technique.<\/li>\n<\/ul>\n<hr \/>\n<h3><strong>Langues Vivantes en 6\u00e8me<\/strong><\/h3>\n<ul>\n<li>Initiation \u00e0 une langue \u00e9trang\u00e8re, g\u00e9n\u00e9ralement l&rsquo;anglais ou l&rsquo;espagnol.<\/li>\n<\/ul>\n<p><strong>Exemples de sujets<\/strong>:<\/p>\n<ul>\n<li>Pr\u00e9sentation orale sur une tradition culturelle d&rsquo;un pays anglophone.<\/li>\n<li>\u00c9tude d&rsquo;une chanson populaire et exercices d&rsquo;\u00e9coute.<\/li>\n<li>Dialogues en situation quotidienne pour pratiquer la conversation.<\/li>\n<\/ul>\n<hr \/>\n<h3><strong>\u00c9ducation Morale et Civique en 6\u00e8me<\/strong><\/h3>\n<ul>\n<li>\u00c9tude des valeurs r\u00e9publicaines et des droits de l&rsquo;homme.<\/li>\n<\/ul>\n<p><strong>Exemples de sujets<\/strong>:<\/p>\n<ul>\n<li>D\u00e9bat sur l&rsquo;\u00e9galit\u00e9 et la fraternit\u00e9.<\/li>\n<li>Projet sur les symboles de la R\u00e9publique Fran\u00e7aise.<\/li>\n<li>R\u00e9flexion sur le respect et la tol\u00e9rance.<\/li>\n<\/ul>\n<hr \/>\n<h3><strong>\u00c9ducation Physique et Sportive en 6\u00e8me<\/strong><\/h3>\n<ul>\n<li>D\u00e9couverte de nouvelles disciplines sportives et d\u00e9veloppement de la motricit\u00e9.<\/li>\n<\/ul>\n<p><strong>Exemples de sujets<\/strong>:<\/p>\n<ul>\n<li>Initiation \u00e0 la danse contemporaine.<\/li>\n<li>Tournoi de handball.<\/li>\n<li>Exercices d&rsquo;endurance et de coordination.<\/li>\n<\/ul>\n<hr \/>\n<h3><strong>R\u00e9partition des Heures d&rsquo;Enseignement en 6\u00e8me<\/strong><\/h3>\n<p>Voici un aper\u00e7u de la distribution typique des heures pour la 6\u00e8me :<\/p>\n<table>\n<thead>\n<tr>\n<th><strong>Mati\u00e8re<\/strong><\/th>\n<th><strong>Heures par semaine<\/strong><\/th>\n<\/tr>\n<\/thead>\n<tbody>\n<tr>\n<td>Fran\u00e7ais<\/td>\n<td>4h30<\/td>\n<\/tr>\n<tr>\n<td>Math\u00e9matiques<\/td>\n<td>4h30<\/td>\n<\/tr>\n<tr>\n<td>Histoire-G\u00e9ographie<\/td>\n<td>3h<\/td>\n<\/tr>\n<tr>\n<td>Sciences et Technologie<\/td>\n<td>4h<\/td>\n<\/tr>\n<tr>\n<td>Langues Vivantes<\/td>\n<td>3h<\/td>\n<\/tr>\n<tr>\n<td>\u00c9ducation Morale et Civique<\/td>\n<td>0h30<\/td>\n<\/tr>\n<tr>\n<td>\u00c9ducation Physique et Sportive<\/td>\n<td>4h<\/td>\n<\/tr>\n<tr>\n<td><strong>Total<\/strong><\/td>\n<td><strong>23h30<\/strong><\/td>\n<\/tr>\n<\/tbody>\n<\/table>\n<hr \/>\n<p><strong>Vacances Scolaires en 6\u00e8me<\/strong><\/p>\n<p>Les vacances scolaires sont des moments essentiels pour le repos et la d\u00e9tente des \u00e9l\u00e8ves. Voici un aper\u00e7u des vacances scolaires pour les \u00e9l\u00e8ves de 6\u00e8me en France :<\/p>\n<p><strong>Calendrier des Vacances Scolaires<\/strong><\/p>\n<ul>\n<li><strong>Vacances de la Toussaint<\/strong> : Deux semaines fin octobre.<\/li>\n<li><strong>Vacances de No\u00ebl<\/strong> : Deux semaines fin d\u00e9cembre.<\/li>\n<li><strong>Vacances d&rsquo;Hiver<\/strong> : Deux semaines en f\u00e9vrier.<\/li>\n<li><strong>Vacances de Printemps<\/strong> : Deux semaines en avril.<\/li>\n<li><strong>Vacances d&rsquo;\u00c9t\u00e9<\/strong> : Deux mois en juillet et ao\u00fbt.<\/li>\n<\/ul>\n<hr \/>\n<p><strong>Conclusion<\/strong><\/p>\n<p>La 6\u00e8me est une ann\u00e9e de transition importante, marquant le d\u00e9but du coll\u00e8ge. Gr\u00e2ce \u00e0 ce guide complet, vous avez une vue d&rsquo;ensemble du programme p\u00e9dagogique de cette classe. Le soutien et l&rsquo;encouragement sont cruciaux pour aider chaque \u00e9l\u00e8ve \u00e0 s&rsquo;adapter \u00e0 ce nouvel environnement et \u00e0 r\u00e9ussir.<\/p>\n","protected":false},"excerpt":{"rendered":"<p>La 6\u00e8me marque le d\u00e9but du coll\u00e8ge et repr\u00e9sente une \u00e9tape importante dans le parcours scolaire des \u00e9l\u00e8ves. Avec l&rsquo;introduction de nouvelles mati\u00e8res et une approche p\u00e9dagogique diff\u00e9rente, cette ann\u00e9e est cruciale pour la suite de leur scolarit\u00e9. D\u00e9couvrez tout ce que vous devez savoir sur le programme de la 6\u00e8me. D\u00e9couvrez nos exercices de [&hellip;]<\/p>\n","protected":false},"author":5,"featured_media":4387,"comment_status":"open","ping_status":"open","sticky":false,"template":"","format":"standard","meta":{"_seopress_robots_primary_cat":"none","_seopress_titles_title":"Programme P\u00e9dagogique 6\u00e8me : D\u00e9tails, Horaires et Vacances Scolaires","_seopress_titles_desc":"D\u00e9couvrez le programme d\u00e9taill\u00e9 de la 6\u00e8me, la r\u00e9partition des heures par mati\u00e8re et le calendrier des vacances scolaires. Un guide essentiel pour les parents et les enseignants.","_seopress_robots_index":"","_et_pb_use_builder":"","_et_pb_old_content":"","_et_gb_content_width":"","footnotes":""},"categories":[63],"tags":[],"class_list":["post-4348","post","type-post","status-publish","format-standard","has-post-thumbnail","hentry","category-programmes-pedagogiques"],"_links":{"self":[{"href":"https:\/\/exos.education\/fr\/wp-json\/wp\/v2\/posts\/4348","targetHints":{"allow":["GET"]}}],"collection":[{"href":"https:\/\/exos.education\/fr\/wp-json\/wp\/v2\/posts"}],"about":[{"href":"https:\/\/exos.education\/fr\/wp-json\/wp\/v2\/types\/post"}],"author":[{"embeddable":true,"href":"https:\/\/exos.education\/fr\/wp-json\/wp\/v2\/users\/5"}],"replies":[{"embeddable":true,"href":"https:\/\/exos.education\/fr\/wp-json\/wp\/v2\/comments?post=4348"}],"version-history":[{"count":1,"href":"https:\/\/exos.education\/fr\/wp-json\/wp\/v2\/posts\/4348\/revisions"}],"predecessor-version":[{"id":9496,"href":"https:\/\/exos.education\/fr\/wp-json\/wp\/v2\/posts\/4348\/revisions\/9496"}],"wp:featuredmedia":[{"embeddable":true,"href":"https:\/\/exos.education\/fr\/wp-json\/wp\/v2\/media\/4387"}],"wp:attachment":[{"href":"https:\/\/exos.education\/fr\/wp-json\/wp\/v2\/media?parent=4348"}],"wp:term":[{"taxonomy":"category","embeddable":true,"href":"https:\/\/exos.education\/fr\/wp-json\/wp\/v2\/categories?post=4348"},{"taxonomy":"post_tag","embeddable":true,"href":"https:\/\/exos.education\/fr\/wp-json\/wp\/v2\/tags?post=4348"}],"curies":[{"name":"wp","href":"https:\/\/api.w.org\/{rel}","templated":true}]}}