{"id":4370,"date":"2023-09-28T23:23:46","date_gmt":"2023-09-28T22:23:46","guid":{"rendered":"https:\/\/exos.education\/fr\/?p=4370"},"modified":"2023-09-28T23:23:46","modified_gmt":"2023-09-28T22:23:46","slug":"guide-complet-du-programme-pedagogique-1ere","status":"publish","type":"post","link":"https:\/\/exos.education\/fr\/guide-complet-du-programme-pedagogique-1ere\/","title":{"rendered":"Guide Complet du Programme P\u00e9dagogique 1\u00e8re"},"content":{"rendered":"<div class=\"flex-1 overflow-hidden\">\n<div class=\"react-scroll-to-bottom--css-zujpy-79elbk h-full dark:bg-gray-800\">\n<div class=\"react-scroll-to-bottom--css-zujpy-1n7m0yu\">\n<div class=\"flex flex-col text-sm dark:bg-gray-800\">\n<div class=\"group w-full text-token-text-primary border-b border-black\/10 dark:border-gray-900\/50 bg-gray-50 dark:bg-[#444654]\">\n<div class=\"flex p-4 gap-4 text-base md:gap-6 md:max-w-2xl lg:max-w-[38rem] xl:max-w-3xl md:py-6 lg:px-0 m-auto\">\n<div class=\"relative flex w-[calc(100%-50px)] flex-col gap-1 md:gap-3 lg:w-[calc(100%-115px)]\">\n<div class=\"flex flex-grow flex-col gap-3\">\n<div class=\"min-h-[20px] flex flex-col items-start gap-3 overflow-x-auto whitespace-pre-wrap break-words\">\n<div class=\"markdown prose w-full break-words dark:prose-invert light\">\n<p>La 1\u00e8re est une ann\u00e9e charni\u00e8re au lyc\u00e9e, o\u00f9 les \u00e9l\u00e8ves commencent \u00e0 se sp\u00e9cialiser dans certaines mati\u00e8res et \u00e0 pr\u00e9parer le baccalaur\u00e9at. Ce guide vous offre une vue d&rsquo;ensemble du programme de la 1\u00e8re.<\/p>\n<p><a href=\"https:\/\/exos.education\/fr\/exercices-pedagogiques-imprimables-et-gratuits\/niveaux\/1ere\/\">D\u00e9couvrez nos exercices de 1\u00e8re<\/a><\/p>\n<p><a href=\"https:\/\/exos.education\/fr\/generateur-dexercices-pedagogiques-en-ligne-et-gratuits\/\">D\u00e9couvrez notre g\u00e9n\u00e9rateur d&rsquo;exercices de 1\u00e8re<\/a><\/p>\n<hr \/>\n<h3><strong>Fran\u00e7ais en 1\u00e8re : Analyse et Compr\u00e9hension des Textes<\/strong><\/h3>\n<p><strong>Lecture<\/strong>:<\/p>\n<ul>\n<li>\u00c9tude approfondie de textes litt\u00e9raires de diff\u00e9rentes \u00e9poques. Pour des ressources suppl\u00e9mentaires, consultez <a href=\"https:\/\/www.quebec.ca\/education\/apprendre-le-francais\/outils-ressources\" target=\"_new\" rel=\"noopener\">Outils et ressources en fran\u00e7ais &#8211; Gouvernement du Qu\u00e9bec<\/a>.<\/li>\n<\/ul>\n<p><strong>\u00c9criture<\/strong>:<\/p>\n<ul>\n<li>R\u00e9daction de commentaires compos\u00e9s et de dissertations.<\/li>\n<\/ul>\n<p><strong>Exemples de sujets<\/strong>:<\/p>\n<ul>\n<li>Analyse d&rsquo;un po\u00e8me de Baudelaire.<\/li>\n<li>\u00c9tude du th\u00e9\u00e2tre classique \u00e0 travers Moli\u00e8re.<\/li>\n<li>R\u00e9daction d&rsquo;une dissertation sur le r\u00e9alisme.<\/li>\n<\/ul>\n<hr \/>\n<h3><strong>Math\u00e9matiques en 1\u00e8re : Concepts Avanc\u00e9s et Pr\u00e9paration au Bac<\/strong><\/h3>\n<p><strong>Alg\u00e8bre et Analyse<\/strong>:<\/p>\n<ul>\n<li>\u00c9tude des fonctions avanc\u00e9es et des suites. Pour des exercices suppl\u00e9mentaires, visitez <a href=\"https:\/\/www.lelivrescolaire.fr\/manuels\/mathematiques-1re-2022\" target=\"_new\" rel=\"noopener\">Manuel Enseignement math\u00e9matique 1re &#8211; Lelivrescolaire.fr<\/a>.<\/li>\n<\/ul>\n<p><strong>Exemples de sujets<\/strong>:<\/p>\n<ul>\n<li>R\u00e9solution de probl\u00e8mes avec des fonctions exponentielles.<\/li>\n<li>\u00c9tude des suites arithm\u00e9tiques et g\u00e9om\u00e9triques.<\/li>\n<li>Introduction \u00e0 la probabilit\u00e9.<\/li>\n<\/ul>\n<hr \/>\n<h3><strong>Histoire-G\u00e9ographie en 1\u00e8re<\/strong><\/h3>\n<ul>\n<li>\u00c9tude des p\u00e9riodes contemporaines et des enjeux mondiaux. Pour des ressources suppl\u00e9mentaires, consultez <a href=\"https:\/\/eduscol.education.fr\/1667\/programmes-et-ressources-en-histoire-geographie-voie-gt\" target=\"_new\" rel=\"noopener\">Programmes et ressources en histoire-g\u00e9ographie &#8211; voie GT<\/a>.<\/li>\n<\/ul>\n<p><strong>Exemples de sujets<\/strong>:<\/p>\n<ul>\n<li>D\u00e9couverte des grands mouvements de d\u00e9colonisation.<\/li>\n<li>\u00c9tude des relations internationales apr\u00e8s 1945.<\/li>\n<li>Cartographie des enjeux g\u00e9opolitiques actuels.<\/li>\n<\/ul>\n<hr \/>\n<h3><strong>Sciences en 1\u00e8re<\/strong><\/h3>\n<ul>\n<li>Approfondissement des connaissances en biologie, physique et chimie. Pour des ressources suppl\u00e9mentaires, d\u00e9couvrez <a href=\"https:\/\/lycee.editions-bordas.fr\/9782047336908\" target=\"_new\" rel=\"noopener\">Enseignement scientifique 1re &#8211; \u00c9ditions Bordas<\/a>.<\/li>\n<\/ul>\n<p><strong>Exemples de sujets<\/strong>:<\/p>\n<ul>\n<li>\u00c9tude de la chimie organique.<\/li>\n<li>Exp\u00e9riences sur les ph\u00e9nom\u00e8nes ondulatoires.<\/li>\n<li>Projet sur la conception d&rsquo;un syst\u00e8me \u00e9nerg\u00e9tique durable.<\/li>\n<\/ul>\n<hr \/>\n<h3><strong>Langues Vivantes en 1\u00e8re<\/strong><\/h3>\n<ul>\n<li>Approfondissement de la langue \u00e9trang\u00e8re \u00e9tudi\u00e9e, g\u00e9n\u00e9ralement l&rsquo;anglais, l&rsquo;espagnol ou l&rsquo;allemand.<\/li>\n<\/ul>\n<p><strong>Exemples de sujets<\/strong>:<\/p>\n<ul>\n<li>Pr\u00e9sentation orale sur un \u00e9v\u00e9nement historique anglophone.<\/li>\n<li>\u00c9tude d&rsquo;un roman en version originale.<\/li>\n<li>Dialogues en situation professionnelle pour pratiquer la conversation.<\/li>\n<\/ul>\n<hr \/>\n<h3><strong>Philosophie en 1\u00e8re<\/strong><\/h3>\n<ul>\n<li>Introduction \u00e0 la philosophie et aux grands penseurs.<\/li>\n<\/ul>\n<p><strong>Exemples de sujets<\/strong>:<\/p>\n<ul>\n<li>R\u00e9flexion sur la notion de libert\u00e9.<\/li>\n<li>\u00c9tude des philosophies antiques.<\/li>\n<li>D\u00e9bat sur l&rsquo;existence et la connaissance.<\/li>\n<\/ul>\n<hr \/>\n<h3><strong>R\u00e9partition des Heures d&rsquo;Enseignement en 1\u00e8re<\/strong><\/h3>\n<p>Voici un aper\u00e7u de la distribution typique des heures pour la 1\u00e8re :<\/p>\n<table>\n<thead>\n<tr>\n<th><strong>Mati\u00e8re<\/strong><\/th>\n<th><strong>Heures par semaine<\/strong><\/th>\n<\/tr>\n<\/thead>\n<tbody>\n<tr>\n<td>Fran\u00e7ais<\/td>\n<td>4h<\/td>\n<\/tr>\n<tr>\n<td>Math\u00e9matiques<\/td>\n<td>4h<\/td>\n<\/tr>\n<tr>\n<td>Histoire-G\u00e9ographie<\/td>\n<td>3h<\/td>\n<\/tr>\n<tr>\n<td>Sciences<\/td>\n<td>4h<\/td>\n<\/tr>\n<tr>\n<td>Langues Vivantes<\/td>\n<td>3h<\/td>\n<\/tr>\n<tr>\n<td>Philosophie<\/td>\n<td>3h<\/td>\n<\/tr>\n<tr>\n<td><strong>Total<\/strong><\/td>\n<td><strong>21h<\/strong><\/td>\n<\/tr>\n<\/tbody>\n<\/table>\n<hr \/>\n<p><strong>Vacances Scolaires en 1\u00e8re<\/strong><\/p>\n<p>Les vacances scolaires sont des moments essentiels pour le repos et la d\u00e9tente des \u00e9l\u00e8ves. Voici un aper\u00e7u des vacances scolaires pour les \u00e9l\u00e8ves de 1\u00e8re en France :<\/p>\n<p><strong>Calendrier des Vacances Scolaires<\/strong><\/p>\n<ul>\n<li><strong>Vacances de la Toussaint<\/strong> : Deux semaines fin octobre.<\/li>\n<li><strong>Vacances de No\u00ebl<\/strong> : Deux semaines fin d\u00e9cembre.<\/li>\n<li><strong>Vacances d&rsquo;Hiver<\/strong> : Deux semaines en f\u00e9vrier.<\/li>\n<li><strong>Vacances de Printemps<\/strong> : Deux semaines en avril.<\/li>\n<li><strong>Vacances d&rsquo;\u00c9t\u00e9<\/strong> : Deux mois en juillet et ao\u00fbt.<\/li>\n<\/ul>\n<hr \/>\n<p><strong>Conclusion<\/strong><\/p>\n<p>La 1\u00e8re est une ann\u00e9e d\u00e9cisive au lyc\u00e9e, marquant la transition vers les \u00e9tudes sup\u00e9rieures et la pr\u00e9paration au baccalaur\u00e9at. Gr\u00e2ce \u00e0 ce guide complet, vous avez une vue d&rsquo;ensemble du programme p\u00e9dagogique de cette classe. Le soutien et l&rsquo;encouragement sont cruciaux pour aider chaque \u00e9l\u00e8ve \u00e0 progresser et \u00e0 se pr\u00e9parer pour la terminale.<\/p>\n<\/div>\n<\/div>\n<\/div>\n<\/div>\n<\/div>\n<\/div>\n<\/div>\n<\/div>\n<\/div>\n<\/div>\n","protected":false},"excerpt":{"rendered":"<p>La 1\u00e8re est une ann\u00e9e charni\u00e8re au lyc\u00e9e, o\u00f9 les \u00e9l\u00e8ves commencent \u00e0 se sp\u00e9cialiser dans certaines mati\u00e8res et \u00e0 pr\u00e9parer le baccalaur\u00e9at. Ce guide vous offre une vue d&rsquo;ensemble du programme de la 1\u00e8re. D\u00e9couvrez nos exercices de 1\u00e8re D\u00e9couvrez notre g\u00e9n\u00e9rateur d&rsquo;exercices de 1\u00e8re Fran\u00e7ais en 1\u00e8re : Analyse et Compr\u00e9hension des Textes [&hellip;]<\/p>\n","protected":false},"author":5,"featured_media":4389,"comment_status":"open","ping_status":"open","sticky":false,"template":"","format":"standard","meta":{"_seopress_robots_primary_cat":"none","_seopress_titles_title":"Programme P\u00e9dagogique 1\u00e8re : D\u00e9tails, Horaires et Vacances Scolaires","_seopress_titles_desc":"D\u00e9couvrez le programme d\u00e9taill\u00e9 de la 1\u00e8re, la r\u00e9partition des heures par mati\u00e8re et le calendrier des vacances scolaires. Un guide essentiel pour les parents et les enseignants.","_seopress_robots_index":"","_et_pb_use_builder":"","_et_pb_old_content":"","_et_gb_content_width":"","footnotes":""},"categories":[63],"tags":[],"class_list":["post-4370","post","type-post","status-publish","format-standard","has-post-thumbnail","hentry","category-programmes-pedagogiques"],"_links":{"self":[{"href":"https:\/\/exos.education\/fr\/wp-json\/wp\/v2\/posts\/4370","targetHints":{"allow":["GET"]}}],"collection":[{"href":"https:\/\/exos.education\/fr\/wp-json\/wp\/v2\/posts"}],"about":[{"href":"https:\/\/exos.education\/fr\/wp-json\/wp\/v2\/types\/post"}],"author":[{"embeddable":true,"href":"https:\/\/exos.education\/fr\/wp-json\/wp\/v2\/users\/5"}],"replies":[{"embeddable":true,"href":"https:\/\/exos.education\/fr\/wp-json\/wp\/v2\/comments?post=4370"}],"version-history":[{"count":1,"href":"https:\/\/exos.education\/fr\/wp-json\/wp\/v2\/posts\/4370\/revisions"}],"predecessor-version":[{"id":9497,"href":"https:\/\/exos.education\/fr\/wp-json\/wp\/v2\/posts\/4370\/revisions\/9497"}],"wp:featuredmedia":[{"embeddable":true,"href":"https:\/\/exos.education\/fr\/wp-json\/wp\/v2\/media\/4389"}],"wp:attachment":[{"href":"https:\/\/exos.education\/fr\/wp-json\/wp\/v2\/media?parent=4370"}],"wp:term":[{"taxonomy":"category","embeddable":true,"href":"https:\/\/exos.education\/fr\/wp-json\/wp\/v2\/categories?post=4370"},{"taxonomy":"post_tag","embeddable":true,"href":"https:\/\/exos.education\/fr\/wp-json\/wp\/v2\/tags?post=4370"}],"curies":[{"name":"wp","href":"https:\/\/api.w.org\/{rel}","templated":true}]}}