{"id":8286,"date":"2023-11-21T01:34:00","date_gmt":"2023-11-21T00:34:00","guid":{"rendered":"https:\/\/exos.education\/fr\/exercice-litterature-fables-classiques-niveau-cp\/"},"modified":"2023-08-21T14:55:06","modified_gmt":"2023-08-21T13:55:06","slug":"exercice-litterature-fables-classiques-niveau-cp","status":"publish","type":"post","link":"https:\/\/exos.education\/fr\/exercice-litterature-fables-classiques-niveau-cp\/","title":{"rendered":"Exercice Litt\u00e9rature Fables Classiques Niveau CP"},"content":{"rendered":"<p>Points importants du cours :<\/p>\n<p>1. Les fables classiques sont des histoires courtes, g\u00e9n\u00e9ralement en vers, qui se terminent par une le\u00e7on de morale.<br \/>2. Ces fables ont \u00e9t\u00e9 principalement \u00e9crites par des \u00e9crivains c\u00e9l\u00e8bres comme Jean de la Fontaine ou Esope.<br \/>3. Dans les fables, les animaux et les objets peuvent parler et agir comme des humains.<\/p>\n<p>Consignes pour l&rsquo;exercice :<\/p>\n<p>Nous allons travailler sur la fable Le Corbeau et le Renard\u00a0\u00bb de Jean de La fontaine.<\/p>\n<p><img decoding=\"async\" draggable=\"false\" role=\"img\" class=\"emoji\" alt=\"1\ufe0f\u20e3\" src=\"https:\/\/s.w.org\/images\/core\/emoji\/14.0.0\/svg\/31-20e3.svg\"> \u00c9coute attentivementou lis tranquillement la petite histoire suivante : <\/p>\n<p>\u00ab\u00a0Maitre corbeau sur un arbre perch\u00e9 tenait en son bec un fromage.<br \/>Maitre renard par l&rsquo;odeur all\u00e9ch\u00e9 lui tint \u00e0 peu pr\u00e8s ce langage :<br \/>&lsquo;Eh bonjour Monsieur du Corbeauque vous \u00eates joli! Que vous me semblez beau!&rsquo;<br \/>Touch\u00e9 d&rsquo;une compliment si douxMr Corbeau laisse tomber \u00e0 terre son pr\u00e9cieux fromage . Mr Renard s&rsquo;en saisie vitegourmandement il croque.\u00a0\u00bb<\/p>\n<p><img decoding=\"async\" draggable=\"false\" role=\"img\" class=\"emoji\" alt=\"2\ufe0f\u20e3\" src=\"https:\/\/s.w.org\/images\/core\/emoji\/14.0.0\/svg\/32-20e3.svg\"> R\u00e9pond d\u00e8s maintenant aux questions suivantes:<\/p>\n<p>a) Qui tient le r\u00f4le principal dans cette histoire ?<br \/>b) Quel est l&rsquo;objet d&rsquo;int\u00e9r\u00eat dans cette fable?<br \/>c) Que fait Mr Renard pour obtenir ce qu&rsquo;il veut ?<br \/>d) Quelle est la morale de cette histoire?<\/p>\n<p>R\u00e9ponses \u00e0 l&rsquo;exercice :<\/p>\n<p>a) C&rsquo;est M\u00e2itre Corbeau qui tient le r\u00f4le principal dans cette histoire.<br \/>b) L&rsquo;objet d&rsquo;int\u00e9r\u00eat dans cette histoire est le fromage que tient M\u00e2itre corbeau-<br \/>c) Mr Renard complimente Ma\u00eetre Corbeau pour obtenir ce qu&rsquo;il veut.<br \/>d) La Morale de l&rsquo;histoire peut \u00eatre : Il ne faut pas croire tout ce que l&rsquo;on nous dit.<\/p>\n<p>Cet exercice est particuli\u00e8rement adapt\u00e9 aux \u00e9l\u00e8ves car il leur permet non seulement d&rsquo;am\u00e9liorer leur compr\u00e9hension \u00e9crite et orale du fran\u00e7ais mais aussi d&rsquo;apprendre \u00e0 r\u00e9fl\u00e9chir \u00e0 des concepts plus abstraits tels que la morale.<\/p>\n","protected":false},"excerpt":{"rendered":"<p>Points importants du cours : 1. Les fables classiques sont des histoires courtes, g\u00e9n\u00e9ralement en vers, qui se terminent par une le\u00e7on de morale.2. Ces fables ont \u00e9t\u00e9 principalement \u00e9crites par des \u00e9crivains c\u00e9l\u00e8bres comme Jean de la Fontaine ou Esope.3. Dans les fables, les animaux et les objets peuvent parler et agir comme des [&hellip;]<\/p>\n","protected":false},"author":5,"featured_media":10215,"comment_status":"open","ping_status":"open","sticky":false,"template":"","format":"standard","meta":{"_seopress_robots_primary_cat":"","_seopress_titles_title":"","_seopress_titles_desc":"","_seopress_robots_index":"","_et_pb_use_builder":"","_et_pb_old_content":"","_et_gb_content_width":"","footnotes":""},"categories":[12,13,5,4,318,1],"tags":[],"class_list":["post-8286","post","type-post","status-publish","format-standard","has-post-thumbnail","hentry","category-litterature","category-cp","category-niveaux","category-matieres","category-pas-dadaptation-particuliere","category-exercices-pedagogiques-imprimables-et-gratuits"],"_links":{"self":[{"href":"https:\/\/exos.education\/fr\/wp-json\/wp\/v2\/posts\/8286","targetHints":{"allow":["GET"]}}],"collection":[{"href":"https:\/\/exos.education\/fr\/wp-json\/wp\/v2\/posts"}],"about":[{"href":"https:\/\/exos.education\/fr\/wp-json\/wp\/v2\/types\/post"}],"author":[{"embeddable":true,"href":"https:\/\/exos.education\/fr\/wp-json\/wp\/v2\/users\/5"}],"replies":[{"embeddable":true,"href":"https:\/\/exos.education\/fr\/wp-json\/wp\/v2\/comments?post=8286"}],"version-history":[{"count":1,"href":"https:\/\/exos.education\/fr\/wp-json\/wp\/v2\/posts\/8286\/revisions"}],"predecessor-version":[{"id":9786,"href":"https:\/\/exos.education\/fr\/wp-json\/wp\/v2\/posts\/8286\/revisions\/9786"}],"wp:featuredmedia":[{"embeddable":true,"href":"https:\/\/exos.education\/fr\/wp-json\/wp\/v2\/media\/10215"}],"wp:attachment":[{"href":"https:\/\/exos.education\/fr\/wp-json\/wp\/v2\/media?parent=8286"}],"wp:term":[{"taxonomy":"category","embeddable":true,"href":"https:\/\/exos.education\/fr\/wp-json\/wp\/v2\/categories?post=8286"},{"taxonomy":"post_tag","embeddable":true,"href":"https:\/\/exos.education\/fr\/wp-json\/wp\/v2\/tags?post=8286"}],"curies":[{"name":"wp","href":"https:\/\/api.w.org\/{rel}","templated":true}]}}