{"id":8343,"date":"2023-11-07T10:10:00","date_gmt":"2023-11-07T09:10:00","guid":{"rendered":"https:\/\/exos.education\/fr\/exercice-dhistoire-charlemagne-niveau-ce2\/"},"modified":"2023-08-21T14:54:57","modified_gmt":"2023-08-21T13:54:57","slug":"exercice-dhistoire-charlemagne-niveau-ce2","status":"publish","type":"post","link":"https:\/\/exos.education\/fr\/exercice-dhistoire-charlemagne-niveau-ce2\/","title":{"rendered":"Exercice d&rsquo;Histoire Charlemagne Niveau CE2"},"content":{"rendered":"<p>Points importants du cours :<\/p>\n<p>Charlemagne \u00e9tait un roi franc et un empereur romain germanique. Il a r\u00e9gn\u00e9 de 768 \u00e0 814. Il est surtout connu pour son r\u00f4le dans la promotion de l&rsquo;\u00e9ducation et sa r\u00e9forme \u00e9ducative appel\u00e9e Renaissance carolingienne.<\/p>\n<p>Consignes pour l&rsquo;exercice : <\/p>\n<p><img decoding=\"async\" draggable=false\" role=\"img\" class=\"emoji\" alt=\" \" src=\"https:\/\/s.w.org\/images\/core\/emoji\/14.0.0\/svg\/1f535.svg\"> Lire attentivement chaque question<\/p>\n<p><img decoding=\"async\" draggable=\"false\" role=\"img\" class=\"emoji\" alt=\" \" src=\"https:\/\/s.w.org\/images\/core\/emoji\/14.0.0\/svg\/1f535.svg\"> Pour chaque questionchoisir la bonne r\u00e9ponse parmi les propositions.<\/p>\n<p>QCM &#8211; Charlemagne &#8211; Histoire <img decoding=\"async\" draggable=\"false\" role=\"img\" class=\"emoji\" alt=\" \" src=\"https:\/\/s.w.org\/images\/core\/emoji\/14.0.0\/svg\/1f392.svg\"> CE2<\/p>\n<p>1- En quelle ann\u00e9e Charlemagne est-il devenu roi ? <\/p>\n<p>   A) 786<\/p>\n<p>   B) 768<\/p>\n<p>   C) 756<\/p>\n<p>2- Que se passe-t-il en l&rsquo;an 800 dans la vie de Charlemagne ?<\/p>\n<p>   A) Il meurt<\/p>\n<p>   B) Il devient empereur romain germanique<\/p>\n<p>   C) Il gagnait une grande bataille<\/p>\n<p>3- Quelle r\u00e9forme importante a \u00e9t\u00e9 lanc\u00e9e sous le r\u00e8gne de Charlemagne ?<\/p>\n<p>  A) La r\u00e9forme agraire<\/p>\n<p>  B) La Renaissance carolingienne<\/p>\n<p>C ) La R\u00e9forme protestante<\/p>\n<p>R\u00e9ponses : <\/p>\n<p>Q1 = BQ2 = BQ3 =B<\/p>\n<p>Cet exercice a \u00e9t\u00e9 con\u00e7u pour \u00eatre accessible \u00e0 tous les \u00e9l\u00e8ves sans adaptation particuli\u00e8re n\u00e9cessaire. Les questions sont claires et directesavec des proposions multiples offrant des choix pr\u00e9cis mais d\u00e9licats qui obligent \u00e0 bien connaitre le cours. Le niveau est moyen : pas trop simple pour ne pas ennuyer les \u00e9l\u00e8ves bons en histoire mais pas trop dur non plus pour ne pas d\u00e9courager ceux qui ont plus difficile.<\/p>\n","protected":false},"excerpt":{"rendered":"<p>Points importants du cours : Charlemagne \u00e9tait un roi franc et un empereur romain germanique. Il a r\u00e9gn\u00e9 de 768 \u00e0 814. Il est surtout connu pour son r\u00f4le dans la promotion de l&rsquo;\u00e9ducation et sa r\u00e9forme \u00e9ducative appel\u00e9e Renaissance carolingienne. Consignes pour l&rsquo;exercice :<\/p>\n","protected":false},"author":5,"featured_media":10152,"comment_status":"open","ping_status":"open","sticky":false,"template":"","format":"standard","meta":{"_seopress_robots_primary_cat":"","_seopress_titles_title":"","_seopress_titles_desc":"","_seopress_robots_index":"","_et_pb_use_builder":"","_et_pb_old_content":"","_et_gb_content_width":"","footnotes":""},"categories":[9,15,5,4,318,1],"tags":[],"class_list":["post-8343","post","type-post","status-publish","format-standard","has-post-thumbnail","hentry","category-histoire","category-ce2","category-niveaux","category-matieres","category-pas-dadaptation-particuliere","category-exercices-pedagogiques-imprimables-et-gratuits"],"_links":{"self":[{"href":"https:\/\/exos.education\/fr\/wp-json\/wp\/v2\/posts\/8343","targetHints":{"allow":["GET"]}}],"collection":[{"href":"https:\/\/exos.education\/fr\/wp-json\/wp\/v2\/posts"}],"about":[{"href":"https:\/\/exos.education\/fr\/wp-json\/wp\/v2\/types\/post"}],"author":[{"embeddable":true,"href":"https:\/\/exos.education\/fr\/wp-json\/wp\/v2\/users\/5"}],"replies":[{"embeddable":true,"href":"https:\/\/exos.education\/fr\/wp-json\/wp\/v2\/comments?post=8343"}],"version-history":[{"count":0,"href":"https:\/\/exos.education\/fr\/wp-json\/wp\/v2\/posts\/8343\/revisions"}],"wp:featuredmedia":[{"embeddable":true,"href":"https:\/\/exos.education\/fr\/wp-json\/wp\/v2\/media\/10152"}],"wp:attachment":[{"href":"https:\/\/exos.education\/fr\/wp-json\/wp\/v2\/media?parent=8343"}],"wp:term":[{"taxonomy":"category","embeddable":true,"href":"https:\/\/exos.education\/fr\/wp-json\/wp\/v2\/categories?post=8343"},{"taxonomy":"post_tag","embeddable":true,"href":"https:\/\/exos.education\/fr\/wp-json\/wp\/v2\/tags?post=8343"}],"curies":[{"name":"wp","href":"https:\/\/api.w.org\/{rel}","templated":true}]}}