{"id":8379,"date":"2023-10-29T13:11:00","date_gmt":"2023-10-29T12:11:00","guid":{"rendered":"https:\/\/exos.education\/fr\/exercice-histoire-la-revolution-francaise-cm1\/"},"modified":"2023-08-21T14:54:52","modified_gmt":"2023-08-21T13:54:52","slug":"exercice-histoire-la-revolution-francaise-cm1","status":"publish","type":"post","link":"https:\/\/exos.education\/fr\/exercice-histoire-la-revolution-francaise-cm1\/","title":{"rendered":"Exercice Histoire La Revolution Fran\u00e7aise CM1"},"content":{"rendered":"<p>Points importants du cours:<br \/>&#8211; La R\u00e9volution fran\u00e7aise a commenc\u00e9 en 1789 et a mis fin \u00e0 l&rsquo;ancien r\u00e9gime royal de Louis XVI.<br \/>&#8211; Les revendications du peuple fran\u00e7ais \u00e9taient la libert\u00e9, l&rsquo;\u00e9galit\u00e9 et la fraternit\u00e9; ce qui a men\u00e9 \u00e0 la cr\u00e9ation d&rsquo;une r\u00e9publique.<br \/>&#8211; Des symboles de cette r\u00e9volution incluent le bonnet phrygien, Marianne et La Marseillaise.<\/p>\n<p><img decoding=\"async\" draggable=false\" role=\"img\" class=\"emoji\" alt=\" \" src=\"https:\/\/s.w.org\/images\/core\/emoji\/14.0.0\/svg\/1f4dd.svg\"> Instructions pour l&rsquo;exercice:<br \/>Vous allez r\u00e9pondre aux questions sur le sujet \u00ab\u00a0La R\u00e9volution fran\u00e7aise\u00a0\u00bb. Il faut lire attentivement chaque question avant de donner votre r\u00e9ponse. Ne vous pr\u00e9cipitez pasprenez votre temps! <img decoding=\"async\" draggable=\"false\" role=\"img\" class=\"emoji\" alt=\" \" src=\"https:\/\/s.w.org\/images\/core\/emoji\/14.0.0\/svg\/1f60a.svg\"><\/p>\n<p>1. En quelle ann\u00e9e a commenc\u00e9 la R\u00e9volution fran\u00e7aise? <img decoding=\"async\" draggable=\"false\" role=\"img\" class=\"emoji\" alt=\" \" src=\"https:\/\/s.w.org\/images\/core\/emoji\/14.0.0\/svg\/1f4c5.svg\"><br \/>2. Qu&rsquo;est-ce qui s&rsquo;est termin\u00e9 avec le d\u00e9but de la R\u00e9volution fran\u00e7aise? <img decoding=\"async\" draggable=\"false\" role=\"img\" class=\"emoji\" alt=\" \" src=\"https:\/\/s.w.org\/images\/core\/emoji\/14.0.0\/svg\/1f451.svg\"><br \/>3. Quelles \u00e9taient les principales revendications des Fran\u00e7ais pendant la r\u00e9volution (trois mots cl\u00e9s)? <img decoding=\"async\" draggable=\"false\" role=\"img\" class=\"emoji\" alt=\" \" src=\"https:\/\/s.w.org\/images\/core\/emoji\/14.0.0\/svg\/1f4aa.svg\"><br \/>4. Comment s&rsquo;appelle l&rsquo;hymne national fran\u00e7ais n\u00e9 pendant cette p\u00e9riode? <img decoding=\"async\" draggable=\"false\" role=\"img\" class=\"emoji\" alt=\" \" src=\"https:\/\/s.w.org\/images\/core\/emoji\/14.0.0\/svg\/1f3b6.svg\"><br \/>5. Peux-tu nommer deux symboles associ\u00e9s \u00e0 cette \u00e9poque? <\/p>\n<p><img decoding=\"async\" draggable=\"false\" role=\"img\" class=\"emoji\" alt=\"\u2705\" src=\"https:\/\/s.w.org\/images\/core\/emoji\/14.0.0\/svg\/2705.svg\"> Corrections :<br \/>1. La R\u00e9volution fran\u00e7aise a commenc\u00e9 en 1789.<br \/>2. L&rsquo;Ancien R\u00e9gime royal (ou Monarchie) sous Louis XVI s&rsquo;est termin\u00e9 avec le d\u00e9but de la R\u00e9volution fran\u00e7aise.<br \/>3 Les principales revendications des Fran\u00e7ais \u00e9taient Libert\u00e9Egalit\u00e9Fraternit\u00e9.<br \/>4 L&rsquo;hymne national fran\u00e7ais n\u00e9 pendant cette p\u00e9riode est &lsquo;La Marseillaise&rsquo;.<br \/>5 Deux symboles associ\u00e9s \u00e0 cette \u00e9poque peuvent \u00eatre le bonnet phrygien et Marianne.<\/p>\n<p>Cette activit\u00e9 convient parfaitement aux \u00e9l\u00e8ves car elle leur permet d&rsquo;\u00e9valuer leurs connaissances sur un sujet essentiel tout en se familiarisant avec diff\u00e9rentes m\u00e9thodes d&rsquo;apprentissage actif.<\/p>\n","protected":false},"excerpt":{"rendered":"<p>Points importants du cours:&#8211; La R\u00e9volution fran\u00e7aise a commenc\u00e9 en 1789 et a mis fin \u00e0 l&rsquo;ancien r\u00e9gime royal de Louis XVI.&#8211; Les revendications du peuple fran\u00e7ais \u00e9taient la libert\u00e9, l&rsquo;\u00e9galit\u00e9 et la fraternit\u00e9; ce qui a men\u00e9 \u00e0 la cr\u00e9ation d&rsquo;une r\u00e9publique.&#8211; Des symboles de cette r\u00e9volution incluent le bonnet phrygien, Marianne et La [&hellip;]<\/p>\n","protected":false},"author":5,"featured_media":0,"comment_status":"open","ping_status":"open","sticky":false,"template":"","format":"standard","meta":{"_seopress_robots_primary_cat":"","_seopress_titles_title":"","_seopress_titles_desc":"","_seopress_robots_index":"","_et_pb_use_builder":"","_et_pb_old_content":"","_et_gb_content_width":"","footnotes":""},"categories":[9,16,5,4,318,1],"tags":[],"class_list":["post-8379","post","type-post","status-publish","format-standard","hentry","category-histoire","category-cm1","category-niveaux","category-matieres","category-pas-dadaptation-particuliere","category-exercices-pedagogiques-imprimables-et-gratuits"],"_links":{"self":[{"href":"https:\/\/exos.education\/fr\/wp-json\/wp\/v2\/posts\/8379","targetHints":{"allow":["GET"]}}],"collection":[{"href":"https:\/\/exos.education\/fr\/wp-json\/wp\/v2\/posts"}],"about":[{"href":"https:\/\/exos.education\/fr\/wp-json\/wp\/v2\/types\/post"}],"author":[{"embeddable":true,"href":"https:\/\/exos.education\/fr\/wp-json\/wp\/v2\/users\/5"}],"replies":[{"embeddable":true,"href":"https:\/\/exos.education\/fr\/wp-json\/wp\/v2\/comments?post=8379"}],"version-history":[{"count":0,"href":"https:\/\/exos.education\/fr\/wp-json\/wp\/v2\/posts\/8379\/revisions"}],"wp:attachment":[{"href":"https:\/\/exos.education\/fr\/wp-json\/wp\/v2\/media?parent=8379"}],"wp:term":[{"taxonomy":"category","embeddable":true,"href":"https:\/\/exos.education\/fr\/wp-json\/wp\/v2\/categories?post=8379"},{"taxonomy":"post_tag","embeddable":true,"href":"https:\/\/exos.education\/fr\/wp-json\/wp\/v2\/tags?post=8379"}],"curies":[{"name":"wp","href":"https:\/\/api.w.org\/{rel}","templated":true}]}}