{"id":8399,"date":"2023-10-24T05:13:00","date_gmt":"2023-10-24T04:13:00","guid":{"rendered":"https:\/\/exos.education\/fr\/exercice-dart-musique-classique-niveau-cm1\/"},"modified":"2023-08-21T14:54:49","modified_gmt":"2023-08-21T13:54:49","slug":"exercice-dart-musique-classique-niveau-cm1","status":"publish","type":"post","link":"https:\/\/exos.education\/fr\/exercice-dart-musique-classique-niveau-cm1\/","title":{"rendered":"Exercice d&rsquo;Art Musique Classique Niveau CM1"},"content":{"rendered":"<p>Points importants du cours : <img decoding=\"async\" draggable=false\" role=\"img\" class=\"emoji\" alt=\" \" src=\"https:\/\/s.w.org\/images\/core\/emoji\/14.0.0\/svg\/1f3b5.svg\"><img decoding=\"async\" draggable=\"false\" role=\"img\" class=\"emoji\" alt=\" \" src=\"https:\/\/s.w.org\/images\/core\/emoji\/14.0.0\/svg\/1f3b6.svg\"><\/p>\n<p>La musique classique est un genre de musique qui s&rsquo;est d\u00e9velopp\u00e9 entre le 17\u00e8me et le d\u00e9but du 20\u00e8me si\u00e8cle. Des compositeurs comme BeethovenMozart ou Bach sont c\u00e9l\u00e8bres pour leur contribution \u00e0 la musique classique.<\/p>\n<p>Consignes pour l&rsquo;exercice : <img decoding=\"async\" draggable=\"false\" role=\"img\" class=\"emoji\" alt=\" \" src=\"https:\/\/s.w.org\/images\/core\/emoji\/14.0.0\/svg\/1f4dd.svg\"> <\/p>\n<p>Tu vas r\u00e9pondre \u00e0 trois questions sur la musique classique. Prends ton temps pour r\u00e9fl\u00e9chir aux r\u00e9ponsesmais n&rsquo;y passe pas trop de temps non plus <img decoding=\"async\" draggable=\"false\" role=\"img\" class=\"emoji\" alt=\" \" src=\"https:\/\/s.w.org\/images\/core\/emoji\/14.0.0\/svg\/1f609.svg\">. \u00c9cris tes r\u00e9ponses dans ton cahier d&rsquo;art et v\u00e9rifie-les ensuite avec les r\u00e9ponses ci-dessous.<\/p>\n<p>Questions :<\/p>\n<p><img decoding=\"async\" draggable=\"false\" role=\"img\" class=\"emoji\" alt=\"1\ufe0f\u20e3\" src=\"https:\/\/s.w.org\/images\/core\/emoji\/14.0.0\/svg\/31-20e3.svg\"> Qui est ton compositeur de musique classique pr\u00e9f\u00e9r\u00e9 parmi ceux mentionn\u00e9s ci-dessus et pourquoi? <br \/><img decoding=\"async\" draggable=\"false\" role=\"img\" class=\"emoji\" alt=\"2\ufe0f\u20e3\" src=\"https:\/\/s.w.org\/images\/core\/emoji\/14.0.0\/svg\/32-20e3.svg\"> Quels instruments sont typiquement utilis\u00e9s dans la musique classique?<br \/><img decoding=\"async\" draggable=\"false\" role=\"img\" class=\"emoji\" alt=\"3\ufe0f\u20e3\" src=\"https:\/\/s.w.org\/images\/core\/emoji\/14.0.0\/svg\/33-20e3.svg\"> Peux-tu nommer une pi\u00e8ce c\u00e9l\u00e8bre de musique classique?<\/p>\n<p>R\u00e9ponses : <\/p>\n<p><img decoding=\"async\" draggable=\"false\" role=\"img\" class=\"emoji\" alt=\"1\ufe0f\u20e3\" src=\"https:\/\/s.w.org\/images\/core\/emoji\/14.0.0\/svg\/31-20e3.svg\"> Ta r\u00e9ponse sera bas\u00e9e sur tes propres sentiments et opinions.<br \/><img decoding=\"async\" draggable=\"false\" role=\"img\" class=\"emoji\" alt=\"2\ufe0f\u20e3\" src=\"https:\/\/s.w.org\/images\/core\/emoji\/14.0.0\/svg\/32-20e3.svg\"> Les instruments typiques sont les violonsles altosles violoncellesles contrebassesles cors fran\u00e7aisetc.<br \/><img decoding=\"async\" draggable=\"false\" role=\"img\" class=\"emoji\" alt=\"3\ufe0f\u20e3\" src=\"https:\/\/s.w.org\/images\/core\/emoji\/14.0.0\/svg\/33-20e3.svg\"> Quelques exemples pourraient \u00eatre La Symphonie n\u00b05 de Beethoven ou Le Lac des Cygnes par Tcha\u00efkovski.<\/p>\n<p>Pourquoi cet exercice est adapt\u00e9 : <\/p>\n<p>C&rsquo;est un exercice id\u00e9al qui permet aux \u00e9l\u00e8ves d&rsquo;explorer leur propre appr\u00e9ciation personnelle de la musique tout en approfondissant leurs connaissances sur la m\u00eame. De plus sa dur\u00e9e courte permet une participation active des \u00e9l\u00e8ves sans ne d\u00e9courager aucun.<\/p>\n","protected":false},"excerpt":{"rendered":"<p>Points importants du cours :<\/p>\n","protected":false},"author":5,"featured_media":0,"comment_status":"open","ping_status":"open","sticky":false,"template":"","format":"standard","meta":{"_seopress_robots_primary_cat":"","_seopress_titles_title":"","_seopress_titles_desc":"","_seopress_robots_index":"","_et_pb_use_builder":"","_et_pb_old_content":"","_et_gb_content_width":"","footnotes":""},"categories":[30,16,5,4,318,1],"tags":[],"class_list":["post-8399","post","type-post","status-publish","format-standard","hentry","category-art","category-cm1","category-niveaux","category-matieres","category-pas-dadaptation-particuliere","category-exercices-pedagogiques-imprimables-et-gratuits"],"_links":{"self":[{"href":"https:\/\/exos.education\/fr\/wp-json\/wp\/v2\/posts\/8399","targetHints":{"allow":["GET"]}}],"collection":[{"href":"https:\/\/exos.education\/fr\/wp-json\/wp\/v2\/posts"}],"about":[{"href":"https:\/\/exos.education\/fr\/wp-json\/wp\/v2\/types\/post"}],"author":[{"embeddable":true,"href":"https:\/\/exos.education\/fr\/wp-json\/wp\/v2\/users\/5"}],"replies":[{"embeddable":true,"href":"https:\/\/exos.education\/fr\/wp-json\/wp\/v2\/comments?post=8399"}],"version-history":[{"count":0,"href":"https:\/\/exos.education\/fr\/wp-json\/wp\/v2\/posts\/8399\/revisions"}],"wp:attachment":[{"href":"https:\/\/exos.education\/fr\/wp-json\/wp\/v2\/media?parent=8399"}],"wp:term":[{"taxonomy":"category","embeddable":true,"href":"https:\/\/exos.education\/fr\/wp-json\/wp\/v2\/categories?post=8399"},{"taxonomy":"post_tag","embeddable":true,"href":"https:\/\/exos.education\/fr\/wp-json\/wp\/v2\/tags?post=8399"}],"curies":[{"name":"wp","href":"https:\/\/api.w.org\/{rel}","templated":true}]}}