{"id":8411,"date":"2023-10-21T20:56:00","date_gmt":"2023-10-21T19:56:00","guid":{"rendered":"https:\/\/exos.education\/fr\/exercice-histoire-premiere-guerres-mondiales-cm2-malvoyants\/"},"modified":"2023-08-21T14:54:48","modified_gmt":"2023-08-21T13:54:48","slug":"exercice-histoire-premiere-guerres-mondiales-cm2-malvoyants","status":"publish","type":"post","link":"https:\/\/exos.education\/fr\/exercice-histoire-premiere-guerres-mondiales-cm2-malvoyants\/","title":{"rendered":"Exercice Histoire Premi\u00e8re Guerres Mondiales CM2 Malvoyants"},"content":{"rendered":"<p>Points importants du cours : La premi\u00e8re guerre mondiale<br \/>1. La Premi\u00e8re Guerre Mondiale a d\u00e9but\u00e9 en 1914 et s&rsquo;est termin\u00e9e en 1918.<br \/>2. Elle a oppos\u00e9 deux alli\u00e9s principaux : Les Alli\u00e9s (dont la France, le Royaume-Uni et la Russie) et les Puissances Centrales (dont l&rsquo;Allemagne, l&rsquo;Autriche-Hongrie).<br \/>3. Cette guerre est particuli\u00e8rement connue pour avoir \u00e9t\u00e9 une guerre de tranch\u00e9es\u00a0\u00bb.<\/p>\n<p>Consignes pour l&rsquo;exercice :<br \/>Lis attentivement chaque question puis choisis la r\u00e9ponse correcte parmi les propositions donn\u00e9es.<\/p>\n<p><img decoding=\"async\" draggable=\"false\" role=\"img\" class=\"emoji\" alt=\" \" src=\"https:\/\/s.w.org\/images\/core\/emoji\/14.0.0\/svg\/1f4dd.svg\"> Exercice : <br \/>1. Dans quelle ann\u00e9e a commenc\u00e9 la Premi\u00e8re Guerre Mondiale?<br \/>   A) 1910 B) 1914 C) 1920 <\/p>\n<p>2. Quels \u00e9taient les deux principaux camps en conflit pendant cette guerre?<br \/>   A) Les Alli\u00e9s et les Puissances Centrales<br \/>   B) Le Nord et le Sud<br \/>   C) L&rsquo;Est et l&rsquo;Ouest<\/p>\n<p>3. Comment \u00e9tait surnomm\u00e9e cette guerre?<br \/>    A) La guerre des \u00e9toiles<br \/>    B) La grande guerres des tranch\u00e9es<br \/>    C)<\/p>\n<p>R\u00e9ponses :<br \/>1 &#8211; B: 1914 <br \/>2 &#8211; A: Les Alli\u00e9s et les Puissances Centrales <br \/>3 &#8211; B: La grande guerres des tranch\u00e9es <\/p>\n<p>Cet exercice est adapt\u00e9 aux \u00e9l\u00e8ves malvoyants car il ne n\u00e9cessite aucune image ou sch\u00e9ma pour \u00eatre compris ou r\u00e9solu\u2024 Il peut \u00eatre lu \u00e0 haute voix par un adulte ou un logiciel de lecture d&rsquo;\u00e9cran.<\/p>\n","protected":false},"excerpt":{"rendered":"<p>Points importants du cours : La premi\u00e8re guerre mondiale1. La Premi\u00e8re Guerre Mondiale a d\u00e9but\u00e9 en 1914 et s&rsquo;est termin\u00e9e en 1918.2. Elle a oppos\u00e9 deux alli\u00e9s principaux : Les Alli\u00e9s (dont la France, le Royaume-Uni et la Russie) et les Puissances Centrales (dont l&rsquo;Allemagne, l&rsquo;Autriche-Hongrie).3. Cette guerre est particuli\u00e8rement connue pour avoir \u00e9t\u00e9 une [&hellip;]<\/p>\n","protected":false},"author":5,"featured_media":0,"comment_status":"open","ping_status":"open","sticky":false,"template":"","format":"standard","meta":{"_seopress_robots_primary_cat":"","_seopress_titles_title":"","_seopress_titles_desc":"","_seopress_robots_index":"","_et_pb_use_builder":"","_et_pb_old_content":"","_et_gb_content_width":"","footnotes":""},"categories":[9,20,17,6,5,4,1],"tags":[],"class_list":["post-8411","post","type-post","status-publish","format-standard","hentry","category-histoire","category-malvoyants","category-cm2","category-accessibilite","category-niveaux","category-matieres","category-exercices-pedagogiques-imprimables-et-gratuits"],"_links":{"self":[{"href":"https:\/\/exos.education\/fr\/wp-json\/wp\/v2\/posts\/8411","targetHints":{"allow":["GET"]}}],"collection":[{"href":"https:\/\/exos.education\/fr\/wp-json\/wp\/v2\/posts"}],"about":[{"href":"https:\/\/exos.education\/fr\/wp-json\/wp\/v2\/types\/post"}],"author":[{"embeddable":true,"href":"https:\/\/exos.education\/fr\/wp-json\/wp\/v2\/users\/5"}],"replies":[{"embeddable":true,"href":"https:\/\/exos.education\/fr\/wp-json\/wp\/v2\/comments?post=8411"}],"version-history":[{"count":0,"href":"https:\/\/exos.education\/fr\/wp-json\/wp\/v2\/posts\/8411\/revisions"}],"wp:attachment":[{"href":"https:\/\/exos.education\/fr\/wp-json\/wp\/v2\/media?parent=8411"}],"wp:term":[{"taxonomy":"category","embeddable":true,"href":"https:\/\/exos.education\/fr\/wp-json\/wp\/v2\/categories?post=8411"},{"taxonomy":"post_tag","embeddable":true,"href":"https:\/\/exos.education\/fr\/wp-json\/wp\/v2\/tags?post=8411"}],"curies":[{"name":"wp","href":"https:\/\/api.w.org\/{rel}","templated":true}]}}