{"id":8414,"date":"2023-10-20T17:24:00","date_gmt":"2023-10-20T16:24:00","guid":{"rendered":"https:\/\/exos.education\/fr\/exercice-histoire-ve-republique-niveau-cm2\/"},"modified":"2023-08-21T14:54:47","modified_gmt":"2023-08-21T13:54:47","slug":"exercice-histoire-ve-republique-niveau-cm2","status":"publish","type":"post","link":"https:\/\/exos.education\/fr\/exercice-histoire-ve-republique-niveau-cm2\/","title":{"rendered":"Exercice Histoire Ve R\u00e9publique Niveau CM2"},"content":{"rendered":"<p>Points importants du cours :<\/p>\n<p>&#8211; La Ve R\u00e9publique est le r\u00e9gime politique actuel de la France.<br \/>&#8211; Elle a \u00e9t\u00e9 instaur\u00e9e par Charles de Gaulle en 1958.<br \/>&#8211; La Constitution de la Ve R\u00e9publique d\u00e9finit les pouvoirs ex\u00e9cutif, l\u00e9gislatif et judiciaire.<\/p>\n<p>Consignes pour l&rsquo;exercice : <\/p>\n<p>Je vais vous poser quelques questions sur la Ve R\u00e9publique. Il n&rsquo;y aura pas de note, c&rsquo;est simplement pour voir si vous avez bien compris le cours. Vous avez moins de 5 minutes pour r\u00e9pondre.<\/p>\n<p>Questions :<\/p>\n<p>1. Quel pr\u00e9sident a instaur\u00e9 la Ve R\u00e9publique? <img decoding=\"async\" draggable=false\" role=\"img\" class=\"emoji\" alt=\" \" src=\"https:\/\/s.w.org\/images\/core\/emoji\/14.0.0\/svg\/1f3a9.svg\"><br \/>2. En quelle ann\u00e9e a-t-elle \u00e9t\u00e9 instaur\u00e9e? <img decoding=\"async\" draggable=\"false\" role=\"img\" class=\"emoji\" alt=\" \" src=\"https:\/\/s.w.org\/images\/core\/emoji\/14.0.0\/svg\/1f4c5.svg\"> <br \/>3. Quels sont les trois pouvoirs d\u00e9finis par la Constitution? <img decoding=\"async\" draggable=\"false\" role=\"img\" class=\"emoji\" alt=\" \" src=\"https:\/\/s.w.org\/images\/core\/emoji\/14.0.0\/svg\/1f46e.svg\"><img decoding=\"async\" draggable=\"false\" role=\"img\" class=\"emoji\" alt=\" \u200d\u2696\ufe0f\" src=\"https:\/\/s.w.org\/images\/core\/emoji\/14.0.0\/svg\/1f469-200d-2696-fe0f.svg\"><img decoding=\"async\" draggable=\"false\" role=\"img\" class=\"emoji\" alt=\" \u200d \" src=\"https:\/\/s.w.org\/images\/core\/emoji\/14.0.0\/svg\/1f468-200d-1f4bc.svg\"><\/p>\n<p>R\u00e9ponses : <\/p>\n<p>1. La Ve R\u00e9publique a \u00e9t\u00e9 instaur\u00e9e par Charles de Gaulle.<br \/>2. Elle a \u00e9t\u00e9 \u00e9tablie en 1958.<br \/>3. Les trois pouvoirs d\u00e9finis par la constitution sont : ex\u00e9cutifl\u00e9gislatif et judiciaire.<\/p>\n<p>Adaptabilit\u00e9 aux \u00e9l\u00e8ves: <\/p>\n<p>Cet exercice est simple et permet \u00e0 tous les \u00e9l\u00e8ves d&rsquo;assimiler ces informations essentielles sur le syst\u00e8me politique fran\u00e7ais actuel sans difficult\u00e9s particuli\u00e8res.<\/p>\n","protected":false},"excerpt":{"rendered":"<p>Points importants du cours : &#8211; La Ve R\u00e9publique est le r\u00e9gime politique actuel de la France.&#8211; Elle a \u00e9t\u00e9 instaur\u00e9e par Charles de Gaulle en 1958.&#8211; La Constitution de la Ve R\u00e9publique d\u00e9finit les pouvoirs ex\u00e9cutif, l\u00e9gislatif et judiciaire. Consignes pour l&rsquo;exercice : Je vais vous poser quelques questions sur la Ve R\u00e9publique. Il [&hellip;]<\/p>\n","protected":false},"author":5,"featured_media":0,"comment_status":"open","ping_status":"open","sticky":false,"template":"","format":"standard","meta":{"_seopress_robots_primary_cat":"","_seopress_titles_title":"","_seopress_titles_desc":"","_seopress_robots_index":"","_et_pb_use_builder":"","_et_pb_old_content":"","_et_gb_content_width":"","footnotes":""},"categories":[9,17,5,4,318,1],"tags":[],"class_list":["post-8414","post","type-post","status-publish","format-standard","hentry","category-histoire","category-cm2","category-niveaux","category-matieres","category-pas-dadaptation-particuliere","category-exercices-pedagogiques-imprimables-et-gratuits"],"_links":{"self":[{"href":"https:\/\/exos.education\/fr\/wp-json\/wp\/v2\/posts\/8414","targetHints":{"allow":["GET"]}}],"collection":[{"href":"https:\/\/exos.education\/fr\/wp-json\/wp\/v2\/posts"}],"about":[{"href":"https:\/\/exos.education\/fr\/wp-json\/wp\/v2\/types\/post"}],"author":[{"embeddable":true,"href":"https:\/\/exos.education\/fr\/wp-json\/wp\/v2\/users\/5"}],"replies":[{"embeddable":true,"href":"https:\/\/exos.education\/fr\/wp-json\/wp\/v2\/comments?post=8414"}],"version-history":[{"count":0,"href":"https:\/\/exos.education\/fr\/wp-json\/wp\/v2\/posts\/8414\/revisions"}],"wp:attachment":[{"href":"https:\/\/exos.education\/fr\/wp-json\/wp\/v2\/media?parent=8414"}],"wp:term":[{"taxonomy":"category","embeddable":true,"href":"https:\/\/exos.education\/fr\/wp-json\/wp\/v2\/categories?post=8414"},{"taxonomy":"post_tag","embeddable":true,"href":"https:\/\/exos.education\/fr\/wp-json\/wp\/v2\/tags?post=8414"}],"curies":[{"name":"wp","href":"https:\/\/api.w.org\/{rel}","templated":true}]}}