{"id":8450,"date":"2023-10-12T01:57:00","date_gmt":"2023-10-12T00:57:00","guid":{"rendered":"https:\/\/exos.education\/fr\/exercice-histoire-moyen-age-niveau-sixieme-accessibilite-tout-public\/"},"modified":"2023-08-21T14:54:43","modified_gmt":"2023-08-21T13:54:43","slug":"exercice-histoire-moyen-age-niveau-sixieme-accessibilite-tout-public","status":"publish","type":"post","link":"https:\/\/exos.education\/fr\/exercice-histoire-moyen-age-niveau-sixieme-accessibilite-tout-public\/","title":{"rendered":"Exercice Histoire Moyen-\u00c2ge Niveau Sixi\u00e8me Accessibilit\u00e9 tout public"},"content":{"rendered":"<p>**Points importants du cours : Le Moyen \u00c2ge en Europe**<\/p>\n<p>Le Moyen \u00c2ge est une p\u00e9riode de l&rsquo;histoire europ\u00e9enne qui s&rsquo;\u00e9tend du 5\u00e8me au 15\u00e8me si\u00e8cle apr\u00e8s J-C, entre l&rsquo;Antiquit\u00e9 et la Renaissance. Il est divis\u00e9 en trois parties :<br \/>1. Le Haut Moyen \u00c2ge (5\u00e8me &#8211; 10\u00e8me si\u00e8cle) : P\u00e9riode de grandes migrations et d&rsquo;\u00e9mergeance des royaumes barbares.<br \/>2. Le Moyen \u00c2ge Classique (11\u00e8me &#8211; 13\u00e8me si\u00e8cle) : Apog\u00e9e culturel et d\u00e9veloppement \u00e9conomique marqu\u00e9 par les croisades.<br \/>3. La Fin du Moyen-\u00c2ge (14eme \u2013 15eme si\u00e8cles) : Crise sociale, \u00e9conomique puis religieuse, avec les grandes d\u00e9couvertes \u00e0 la fin de cette \u00e9poque.<\/p>\n<p>L&rsquo;\u00e9glise jouait un r\u00f4le important durant le moyen \u00e2ge et les ch\u00e2teaux forts \u00e9taient des structures importantes \u00e0 cette \u00e9poque.<\/p>\n<p>**Consignes pour l&rsquo;exercice**<\/p>\n<p>C&rsquo;est un jeu d&rsquo;association ! Tu dois associer chaque description avec le terme appropri\u00e9 concernant le Moyen-\u00c2ge.<\/p>\n<p>1. Les voyages organis\u00e9s par les Europ\u00e9ens vers la Terre Sainte<br \/>2. Une construction fortifi\u00e9e o\u00f9 vivait le seigneur<br \/>3. L&rsquo;institution dominante pendant cette \u00e9poque en Europe<\/p>\n<p>_   a) Ch\u00e2teau fort<br \/>_   b) Croisades<br \/>_   c) \u00c9glise<\/p>\n<p>Ecris ta r\u00e9ponse sur une feuille de papier: Par exemple si tu penses que &lsquo;1&rsquo; correspond \u00e0 &lsquo;a&rsquo;, ecris &lsquo;1-a&rsquo;.<\/p>\n<p>Bonne chance! <img decoding=\"async\" draggable=false\" role=\"img\" class=\"emoji\" alt=\" \" src=\"https:\/\/s.w.org\/images\/core\/emoji\/14.0.0\/svg\/1f340.svg\"> <img decoding=\"async\" draggable=\"false\" role=\"img\" class=\"emoji\" alt=\" \" src=\"https:\/\/s.w.org\/images\/core\/emoji\/14.0.0\/svg\/1f44d.svg\"> <\/p>\n<p>**R\u00e9ponses**<\/p>\n<p>Les r\u00e9ponses correctes sont :<\/p>\n<p>1-b: Les voyages organis\u00e9s par les Europ\u00e9ens vers la Terre Sainte sont appel\u00e9s \u00ab\u00a0Croisades\u00a0\u00bb.<br \/>2-a: Une construction fortifi\u00e9e o\u00f9 vivait le seigneur est appel\u00e9e \u00ab\u00a0Ch\u00e2teau Fort\u00a0\u00bb.<br \/>3-c: L&rsquo;institution dominante pendant cette \u00e9poque en Europe \u00e9tait l'\u00a0\u00bb\u00c9glise\u00a0\u00bb.<\/p>\n<p>J&rsquo;esp\u00e8re que tu as r\u00e9ussi! <img decoding=\"async\" draggable=\"false\" role=\"img\" class=\"emoji\" alt=\" \" src=\"https:\/\/s.w.org\/images\/core\/emoji\/14.0.0\/svg\/1f60a.svg\"> <\/p>\n<p>Pourquoi cet exercice est adapt\u00e9 aux \u00e9l\u00e8ves ?<\/p>\n<p>Cet exercice a \u00e9t\u00e9 cr\u00e9\u00e9 pour \u00eatre facilement accessible aux \u00e9l\u00e8ves de sixi\u00e8me dans leur apprentissage sur le moyen \u00e2ges tout en rendant cela ludique gr\u00e2ce au format jeu d\u2019associations!<\/p>\n","protected":false},"excerpt":{"rendered":"<p>**Points importants du cours : Le Moyen \u00c2ge en Europe** Le Moyen \u00c2ge est une p\u00e9riode de l&rsquo;histoire europ\u00e9enne qui s&rsquo;\u00e9tend du 5\u00e8me au 15\u00e8me si\u00e8cle apr\u00e8s J-C, entre l&rsquo;Antiquit\u00e9 et la Renaissance. Il est divis\u00e9 en trois parties :1. Le Haut Moyen \u00c2ge (5\u00e8me &#8211; 10\u00e8me si\u00e8cle) : P\u00e9riode de grandes migrations et d&rsquo;\u00e9mergeance [&hellip;]<\/p>\n","protected":false},"author":5,"featured_media":0,"comment_status":"open","ping_status":"open","sticky":false,"template":"","format":"standard","meta":{"_seopress_robots_primary_cat":"","_seopress_titles_title":"","_seopress_titles_desc":"","_seopress_robots_index":"","_et_pb_use_builder":"","_et_pb_old_content":"","_et_gb_content_width":"","footnotes":""},"categories":[9,18,5,4,318,1],"tags":[],"class_list":["post-8450","post","type-post","status-publish","format-standard","hentry","category-histoire","category-6eme","category-niveaux","category-matieres","category-pas-dadaptation-particuliere","category-exercices-pedagogiques-imprimables-et-gratuits"],"_links":{"self":[{"href":"https:\/\/exos.education\/fr\/wp-json\/wp\/v2\/posts\/8450","targetHints":{"allow":["GET"]}}],"collection":[{"href":"https:\/\/exos.education\/fr\/wp-json\/wp\/v2\/posts"}],"about":[{"href":"https:\/\/exos.education\/fr\/wp-json\/wp\/v2\/types\/post"}],"author":[{"embeddable":true,"href":"https:\/\/exos.education\/fr\/wp-json\/wp\/v2\/users\/5"}],"replies":[{"embeddable":true,"href":"https:\/\/exos.education\/fr\/wp-json\/wp\/v2\/comments?post=8450"}],"version-history":[{"count":0,"href":"https:\/\/exos.education\/fr\/wp-json\/wp\/v2\/posts\/8450\/revisions"}],"wp:attachment":[{"href":"https:\/\/exos.education\/fr\/wp-json\/wp\/v2\/media?parent=8450"}],"wp:term":[{"taxonomy":"category","embeddable":true,"href":"https:\/\/exos.education\/fr\/wp-json\/wp\/v2\/categories?post=8450"},{"taxonomy":"post_tag","embeddable":true,"href":"https:\/\/exos.education\/fr\/wp-json\/wp\/v2\/tags?post=8450"}],"curies":[{"name":"wp","href":"https:\/\/api.w.org\/{rel}","templated":true}]}}