{"id":8484,"date":"2023-10-04T08:09:00","date_gmt":"2023-10-04T07:09:00","guid":{"rendered":"https:\/\/exos.education\/fr\/exercice-histoire-la-renaissance-niveau-5eme\/"},"modified":"2023-10-25T16:08:53","modified_gmt":"2023-10-25T15:08:53","slug":"exercice-histoire-la-renaissance-niveau-5eme","status":"publish","type":"post","link":"https:\/\/exos.education\/fr\/exercice-histoire-la-renaissance-niveau-5eme\/","title":{"rendered":"Exercice Histoire La Renaissance Niveau 5\u00e8me"},"content":{"rendered":"<p>Points importants du cours :<\/p>\n<p>La Renaissance est une p\u00e9riode de l&rsquo;histoire europ\u00e9enne caract\u00e9ris\u00e9e par un regain d&rsquo;inter\u00eat pour les anciennes cultures gr\u00e9co-romaines. C&rsquo;est aussi un moment de grands progr\u00e8s dans les arts, les sciences et la philosophie. Cette p\u00e9riode commence aux alentours du 14\u00e8me si\u00e8cle jusqu\u2019au 16\u00e8me si\u00e8cle.<\/p>\n<p>Instructions pour l&rsquo;exercice :<\/p>\n<p>Lisez attentivement les questions suivantes sur la Renaissance. Pensez \u00e0 ce que nous avons appris en classe et faites de votre mieux pour r\u00e9pondre en d\u00e9tail. Une fois que vous avez termin\u00e9, \u00e9changez vos r\u00e9ponses avec un camarade de classe et corrigez-vous mutuellement.<\/p>\n<p><img decoding=\"async\" draggable=false\" role=\"img\" class=\"emoji\" alt=\"1\ufe0f\u20e3\" src=\"https:\/\/s.w.org\/images\/core\/emoji\/14.0.0\/svg\/31-20e3.svg\"> Quels \u00e9l\u00e9ments ont motiv\u00e9 le d\u00e9but de la Renaissance en Europe? <\/p>\n<p><img decoding=\"async\" draggable=\"false\" role=\"img\" class=\"emoji\" alt=\"2\ufe0f\u20e3\" src=\"https:\/\/s.w.org\/images\/core\/emoji\/14.0.0\/svg\/32-20e3.svg\"> Nommez deux figures importantes de l&rsquo;\u00e9poque de la Renaissance et expliquez ce qu&rsquo;elles ont apport\u00e9es \u00e0 leur domaine respectif (artsciencephilosophie).<\/p>\n<p><img decoding=\"async\" draggable=\"false\" role=\"img\" class=\"emoji\" alt=\"3\ufe0f\u20e3\" src=\"https:\/\/s.w.org\/images\/core\/emoji\/14.0.0\/svg\/33-20e3.svg\"> Comment les d\u00e9couvertes durant la Renaissance ont-elle chang\u00e9es notre compr\u00e9hension du monde?<\/p>\n<p><img decoding=\"async\" draggable=\"false\" role=\"img\" class=\"emoji\" alt=\"4\ufe0f\u20e3\" src=\"https:\/\/s.w.org\/images\/core\/emoji\/14.0.0\/svg\/34-20e3.svg\"> D\u00e9crivez comment le style artistique a chang\u00e9 durant la Renaissance par rapport \u00e0 celui du Moyen Age.<\/p>\n<p>R\u00e9ponses aux questions (\u00e0 lire apr\u00e8s avoir compl\u00e9t\u00e9 l&rsquo;exercice) : <\/p>\n<p><img decoding=\"async\" draggable=\"false\" role=\"img\" class=\"emoji\" alt=\"1\ufe0f\u20e3\" src=\"https:\/\/s.w.org\/images\/core\/emoji\/14.0.0\/svg\/31-20e3.svg\"> La fin des guerres m\u00e9di\u00e9vales en Europeune plus grande richesse \u00e9conomique gr\u00e2ce au commerce avec l&rsquo;Orient qui a fait circuler des id\u00e9es nouvellesainsi qu&rsquo;un int\u00e9r\u00eat renouvel\u00e9s pour le savoir ancien sont quatre r\u00e9ponses potentielles..<\/p>\n<p><img decoding=\"async\" draggable=\"false\" role=\"img\" class=\"emoji\" alt=\"2\ufe0f\u20e3\" src=\"https:\/\/s.w.org\/images\/core\/emoji\/14.0.0\/svg\/32-20e3.svg\"> On pourrait mentionner L\u00e9onard da Vinci comme figure importante qui a apport\u00e9 beaucoup dans le domaine artistique et scientifique ou Galileo Galilei dans le domaine scientifique car il a \u00e9largi nos visions sur l\u2019univers gr\u00e2ce \u00e0 ses d\u00e9couvertes astronomiques.<\/p>\n<p><img decoding=\"async\" draggable=\"false\" role=\"img\" class=\"emoji\" alt=\"3\ufe0f\u20e3\" src=\"https:\/\/s.w.org\/images\/core\/emoji\/14.0.0\/svg\/33-20e3.svg\"> Les grandes explorations g\u00e9ographiques men\u00e9es notamment par Christophe Colomb ont modifi\u00e9 notre perception du monde en d\u00e9voilant de nouveaux territoires inconnus jusqu&rsquo;alors tels que l\u2019Am\u00e9rique . De plus avec des avanc\u00e9s scientifiques comme celle d&rsquo;H\u00e9liocentrisme par Copernicnous sommes sortis d\u2019une vision g\u00e9ocentrique .<\/p>\n<p><img decoding=\"async\" draggable=\"false\" role=\"img\" class=\"emoji\" alt=\"4\ufe0f\u20e3\" src=\"https:\/\/s.w.org\/images\/core\/emoji\/14.0.0\/svg\/34-20e3.svg\"> Durant la renaissancel \u2018Art mettait d\u00e9sormais au centre \u00ab\u00a0l\u2019Homme\u00a0\u00bb avec une pr\u00e9cision r\u00e9aliste alors que pendant le Moyen age c\u2019est une forme plus symbolique qui \u00e9tait dominant <\/p>\n<p>Cet exercice est id\u00e9al pour renforcer votre compr\u00e9hension g\u00e9n\u00e9rale sur divers aspects cl\u00e9s importants lors du fameux tournant qu&rsquo;\u00e9tait cette p\u00e9riode historique connue sous le nom  <img decoding=\"async\" draggable=\"false\" role=\"img\" class=\"emoji\" alt=\" \" src=\"https:\/\/s.w.org\/images\/core\/emoji\/14.0.0\/svg\/1f338.svg\">\u00ab\u00a0Renaissance\u00a0\u00bb <img decoding=\"async\" draggable=\"false\" role=\"img\" class=\"emoji\" alt=\" \" src=\"https:\/\/s.w.org\/images\/core\/emoji\/14.0.0\/svg\/1f338.svg\"><\/p>\n","protected":false},"excerpt":{"rendered":"<p>Points importants du cours : La Renaissance est une p\u00e9riode de l&rsquo;histoire europ\u00e9enne caract\u00e9ris\u00e9e par un regain d&rsquo;inter\u00eat pour les anciennes cultures gr\u00e9co-romaines. C&rsquo;est aussi un moment de grands progr\u00e8s dans les arts, les sciences et la philosophie. Cette p\u00e9riode commence aux alentours du 14\u00e8me si\u00e8cle jusqu\u2019au 16\u00e8me si\u00e8cle. Instructions pour l&rsquo;exercice : Lisez attentivement [&hellip;]<\/p>\n","protected":false},"author":5,"featured_media":0,"comment_status":"open","ping_status":"open","sticky":false,"template":"","format":"standard","meta":{"_seopress_robots_primary_cat":"none","_seopress_titles_title":"","_seopress_titles_desc":"","_seopress_robots_index":"","_et_pb_use_builder":"","_et_pb_old_content":"","_et_gb_content_width":"","footnotes":""},"categories":[9,19,5,4,318,1],"tags":[],"class_list":["post-8484","post","type-post","status-publish","format-standard","hentry","category-histoire","category-5eme","category-niveaux","category-matieres","category-pas-dadaptation-particuliere","category-exercices-pedagogiques-imprimables-et-gratuits"],"_links":{"self":[{"href":"https:\/\/exos.education\/fr\/wp-json\/wp\/v2\/posts\/8484","targetHints":{"allow":["GET"]}}],"collection":[{"href":"https:\/\/exos.education\/fr\/wp-json\/wp\/v2\/posts"}],"about":[{"href":"https:\/\/exos.education\/fr\/wp-json\/wp\/v2\/types\/post"}],"author":[{"embeddable":true,"href":"https:\/\/exos.education\/fr\/wp-json\/wp\/v2\/users\/5"}],"replies":[{"embeddable":true,"href":"https:\/\/exos.education\/fr\/wp-json\/wp\/v2\/comments?post=8484"}],"version-history":[{"count":1,"href":"https:\/\/exos.education\/fr\/wp-json\/wp\/v2\/posts\/8484\/revisions"}],"predecessor-version":[{"id":9581,"href":"https:\/\/exos.education\/fr\/wp-json\/wp\/v2\/posts\/8484\/revisions\/9581"}],"wp:attachment":[{"href":"https:\/\/exos.education\/fr\/wp-json\/wp\/v2\/media?parent=8484"}],"wp:term":[{"taxonomy":"category","embeddable":true,"href":"https:\/\/exos.education\/fr\/wp-json\/wp\/v2\/categories?post=8484"},{"taxonomy":"post_tag","embeddable":true,"href":"https:\/\/exos.education\/fr\/wp-json\/wp\/v2\/tags?post=8484"}],"curies":[{"name":"wp","href":"https:\/\/api.w.org\/{rel}","templated":true}]}}