{"id":8498,"date":"2023-09-30T09:38:00","date_gmt":"2023-09-30T08:38:00","guid":{"rendered":"https:\/\/exos.education\/fr\/exercice-francais-theatre-17eme-siecle-niveau-5eme\/"},"modified":"2023-08-21T14:54:36","modified_gmt":"2023-08-21T13:54:36","slug":"exercice-francais-theatre-17eme-siecle-niveau-5eme","status":"publish","type":"post","link":"https:\/\/exos.education\/fr\/exercice-francais-theatre-17eme-siecle-niveau-5eme\/","title":{"rendered":"Exercice Fran\u00e7ais Th\u00e9\u00e2tre 17\u00e8me Si\u00e8cle Niveau 5\u00e8me"},"content":{"rendered":"<p>Points Importants du Cours <img decoding=\"async\" draggable=\"false\" role=\"img\" class=\"emoji\" alt=\" \" src=\"https:\/\/s.w.org\/images\/core\/emoji\/14.0.0\/svg\/1f3ad.svg\"><img decoding=\"async\" draggable=\"false\" role=\"img\" class=\"emoji\" alt=\" \u200d \" src=\"https:\/\/s.w.org\/images\/core\/emoji\/14.0.0\/svg\/1f468-200d-1f3eb.svg\">:<\/p>\n<p>1. Le th\u00e9\u00e2tre du 17\u00e8me si\u00e8cle, aussi appel\u00e9 le th\u00e9\u00e2tre classique fran\u00e7ais, est domin\u00e9 par trois auteurs principaux : Corneille, Moli\u00e8re et Racine.<br \/>2. Les r\u00e8gles de la trag\u00e9die et de la com\u00e9die y sont tr\u00e8s codifi\u00e9es (les trois unit\u00e9s notamment).<br \/>3. Le but premier de ces \u0153uvres est non seulement de divertir mais aussi d&rsquo;\u00e9duquer le public.<\/p>\n<p>Consignes pour l&rsquo;exercice <img decoding=\"async\" draggable=\"false\" role=\"img\" class=\"emoji\" alt=\" \" src=\"https:\/\/s.w.org\/images\/core\/emoji\/14.0.0\/svg\/1f4dd.svg\"> :<\/p>\n<p>Vous avez un questionnaire \u00e0 choix multiples (QCM) \u00e0 compl\u00e9ter. Lisez attentivement chaque question et s\u00e9lectionnez la r\u00e9ponse qui vous semble correcte.<\/p>\n<p>Exercice <img decoding=\"async\" draggable=\"false\" role=\"img\" class=\"emoji\" alt=\" \" src=\"https:\/\/s.w.org\/images\/core\/emoji\/14.0.0\/svg\/1f4a1.svg\"> :<\/p>\n<p>1. Quel auteur n&rsquo;est pas associ\u00e9 au th\u00e9\u00e2tre classique du 17\u00e8me si\u00e8cle ?<br \/>    &#8211; a) Corneille<br \/>    &#8211; b) Moli\u00e8re<br \/>    &#8211; c) Shakespeare<\/p>\n<p>2. Parmi les options suivantes, quelle r\u00e8gle n&rsquo;appartient pas \u00e0 celles caract\u00e9ristiques du th\u00e9\u00e2tre classique ?<br \/>    &#8211; a) L&rsquo;unit\u00e9 d&rsquo;action<br \/>    &#8211; b) Le r\u00e9alisme  <br \/>    &#8211; c) L&rsquo;unit\u00e9 de lieu <\/p>\n<p>3. \u00c0 quoi servaient principalement les \u0153uvres produites dans le cadre du th\u00e9\u00e2tre du 17\u00e8me si\u00e8cle ?<br \/>   &#8211; a) \u00c0 divertir seulement <br \/>   &#8211; b) \u00c0 \u00e9duquer seulement <br \/>   &#8211; c) \u00c0 divertir et \u00e9duquer<\/p>\n<p>R\u00e9ponses <img decoding=\"async\" draggable=\"false\" role=\"img\" class=\"emoji\" alt=\" \ufe0f\" src=\"https:\/\/s.w.org\/images\/core\/emoji\/14.0.0\/svg\/1f5c2.svg\"> :<\/p>\n<p>1.c} Shakespeare<br \/>2.b} Le r\u00e9alisme  <br \/>3.c} La diversion et l&rsquo;\u00e9ducation <\/p>\n<p>Cet exercice convient parfaitement aux \u00e9l\u00e8ves car il reprend les points essentiels sur le sujet en question tout en \u00e9tant suffisamment court pour ne pas \u00eatre d\u00e9courageant ou trop fatiguant.<\/p>\n","protected":false},"excerpt":{"rendered":"<p>Points Importants du Cours : 1. Le th\u00e9\u00e2tre du 17\u00e8me si\u00e8cle, aussi appel\u00e9 le th\u00e9\u00e2tre classique fran\u00e7ais, est domin\u00e9 par trois auteurs principaux : Corneille, Moli\u00e8re et Racine.2. Les r\u00e8gles de la trag\u00e9die et de la com\u00e9die y sont tr\u00e8s codifi\u00e9es (les trois unit\u00e9s notamment).3. Le but premier de ces \u0153uvres est non seulement de [&hellip;]<\/p>\n","protected":false},"author":5,"featured_media":0,"comment_status":"open","ping_status":"open","sticky":false,"template":"","format":"standard","meta":{"_seopress_robots_primary_cat":"","_seopress_titles_title":"","_seopress_titles_desc":"","_seopress_robots_index":"","_et_pb_use_builder":"","_et_pb_old_content":"","_et_gb_content_width":"","footnotes":""},"categories":[12,19,5,4,318,1],"tags":[],"class_list":["post-8498","post","type-post","status-publish","format-standard","hentry","category-litterature","category-5eme","category-niveaux","category-matieres","category-pas-dadaptation-particuliere","category-exercices-pedagogiques-imprimables-et-gratuits"],"_links":{"self":[{"href":"https:\/\/exos.education\/fr\/wp-json\/wp\/v2\/posts\/8498","targetHints":{"allow":["GET"]}}],"collection":[{"href":"https:\/\/exos.education\/fr\/wp-json\/wp\/v2\/posts"}],"about":[{"href":"https:\/\/exos.education\/fr\/wp-json\/wp\/v2\/types\/post"}],"author":[{"embeddable":true,"href":"https:\/\/exos.education\/fr\/wp-json\/wp\/v2\/users\/5"}],"replies":[{"embeddable":true,"href":"https:\/\/exos.education\/fr\/wp-json\/wp\/v2\/comments?post=8498"}],"version-history":[{"count":0,"href":"https:\/\/exos.education\/fr\/wp-json\/wp\/v2\/posts\/8498\/revisions"}],"wp:attachment":[{"href":"https:\/\/exos.education\/fr\/wp-json\/wp\/v2\/media?parent=8498"}],"wp:term":[{"taxonomy":"category","embeddable":true,"href":"https:\/\/exos.education\/fr\/wp-json\/wp\/v2\/categories?post=8498"},{"taxonomy":"post_tag","embeddable":true,"href":"https:\/\/exos.education\/fr\/wp-json\/wp\/v2\/tags?post=8498"}],"curies":[{"name":"wp","href":"https:\/\/api.w.org\/{rel}","templated":true}]}}