{"id":8523,"date":"2023-09-25T19:54:00","date_gmt":"2023-09-25T18:54:00","guid":{"rendered":"https:\/\/exos.education\/fr\/exercice-geo-espaces-productifs-france-niveau-4e\/"},"modified":"2023-08-21T14:54:33","modified_gmt":"2023-08-21T13:54:33","slug":"exercice-geo-espaces-productifs-france-niveau-4e","status":"publish","type":"post","link":"https:\/\/exos.education\/fr\/exercice-geo-espaces-productifs-france-niveau-4e\/","title":{"rendered":"Exercice G\u00e9o Espaces Productifs France Niveau 4e"},"content":{"rendered":"<p>Points importants du cours <img decoding=\"async\" draggable=false\" role=\"img\" class=\"emoji\" alt=\" \" src=\"https:\/\/s.w.org\/images\/core\/emoji\/14.0.0\/svg\/1f4da.svg\"> : <\/p>\n<p>Les espaces productifs en France sont principalement r\u00e9partis en quatre types :<\/p>\n<p>1.  L&rsquo;espace agricole qui repr\u00e9sente plus de la moiti\u00e9 du territoire.<br \/>2.  L&rsquo;espace industriel consid\u00e9r\u00e9 comme le moteur de l&rsquo;\u00e9conomie fran\u00e7aise.<br \/>3.  L&rsquo;espace tertiaire qui emploie plus de la moiti\u00e9 des actifs fran\u00e7ais.<br \/>4.  Les espaces innovants regroupant les p\u00f4les de comp\u00e9titivit\u00e9de recherche et d\u00e9veloppement.<\/p>\n<p>Consigne pour l&rsquo;exercice <img decoding=\"async\" draggable=\"false\" role=\"img\" class=\"emoji\" alt=\" \" src=\"https:\/\/s.w.org\/images\/core\/emoji\/14.0.0\/svg\/1f4dd.svg\"> :<\/p>\n<p>Il s&rsquo;agit d&rsquo;un exercice type QCM (Questions \u00e0 choix multiples) sur le sujet \u00ab\u00a0Les espaces productifs en France\u00a0\u00bb. Vous avez une seule r\u00e9ponse correcte parmi les trois choix propos\u00e9s pour chaque question. Prenez environ 5 \u00e0 10 minutes pour cet exercice.<\/p>\n<p>QCM :<\/p>\n<p>1. Quel espace occupe majoritairement le territoire fran\u00e7ais?<br \/>   &#8211; a) Espace innovant<br \/>   &#8211; b) Espace agricole<br \/>   &#8211; c) Espace commercial<\/p>\n<p>2.Qui est consid\u00e9r\u00e9 comme le moteur de l&rsquo;\u00e9conomie fran\u00e7aise ?<br \/>    &#8211; a) Les zones rurales <br \/>    &#8211; b) Le domaine militaire<br \/>    &#8211; c) L\u2019espace industriel<\/p>\n<p>3.Quelle cat\u00e9gorie emploie plus que la moiti\u00e9 des travailleurs fran\u00e7ais ?<br \/>    &#8211; a) Agricole      <br \/>    &#8211; b) Tertiaire    <br \/>    &#8211; c) Innovant    <\/p>\n<p>4.Les p\u00f4les de recherche et d\u00e9veloppement se situent principalement dans :<br \/>     &#8211; a)L\u2019espace rural  <br \/>     -b)L\u2019espace tertiaire<br \/>     -c)Les espaces innovants<\/p>\n<p>R\u00e9ponses au QCM <img decoding=\"async\" draggable=\"false\" role=\"img\" class=\"emoji\" alt=\"\u2705\" src=\"https:\/\/s.w.org\/images\/core\/emoji\/14.0.0\/svg\/2705.svg\">:<\/p>\n<p>1.B : C&rsquo;est dans l&rsquo;espace agricole que tu trouves plus que la moiti\u00e9 du territoire Fran\u00e7ais.<br \/>2.C :L&rsquo;Espace industriel est consid\u00e9r\u00e9 comme \u00e9tant le moteur \u00e9conomique du pays .<br \/>3.B : La majeure partie des travailleurs fran\u00e7ais sont employ\u00e9s dans le secteur tertiaire .<br \/>4.C: Les poles technologiques et les centres de recherche-et d\u00e9veloppement se trouvent majoritairement dans les Espaces Innovants .<\/p>\n<p>Cet exercice est adapt\u00e9 aux \u00e9l\u00e8ves car il permet d&rsquo;utiliser leur compr\u00e9hension et leur connaissance th\u00e9orique sur un cas pratique \u00e0 travers un QCMformat couramment utilis\u00e9 lors des \u00e9valuations.<\/p>\n","protected":false},"excerpt":{"rendered":"<p>Points importants du cours<\/p>\n","protected":false},"author":5,"featured_media":0,"comment_status":"open","ping_status":"open","sticky":false,"template":"","format":"standard","meta":{"_seopress_robots_primary_cat":"","_seopress_titles_title":"","_seopress_titles_desc":"","_seopress_robots_index":"","_et_pb_use_builder":"","_et_pb_old_content":"","_et_gb_content_width":"","footnotes":""},"categories":[52,10,5,4,318,1],"tags":[],"class_list":["post-8523","post","type-post","status-publish","format-standard","hentry","category-4eme","category-geographie","category-niveaux","category-matieres","category-pas-dadaptation-particuliere","category-exercices-pedagogiques-imprimables-et-gratuits"],"_links":{"self":[{"href":"https:\/\/exos.education\/fr\/wp-json\/wp\/v2\/posts\/8523","targetHints":{"allow":["GET"]}}],"collection":[{"href":"https:\/\/exos.education\/fr\/wp-json\/wp\/v2\/posts"}],"about":[{"href":"https:\/\/exos.education\/fr\/wp-json\/wp\/v2\/types\/post"}],"author":[{"embeddable":true,"href":"https:\/\/exos.education\/fr\/wp-json\/wp\/v2\/users\/5"}],"replies":[{"embeddable":true,"href":"https:\/\/exos.education\/fr\/wp-json\/wp\/v2\/comments?post=8523"}],"version-history":[{"count":0,"href":"https:\/\/exos.education\/fr\/wp-json\/wp\/v2\/posts\/8523\/revisions"}],"wp:attachment":[{"href":"https:\/\/exos.education\/fr\/wp-json\/wp\/v2\/media?parent=8523"}],"wp:term":[{"taxonomy":"category","embeddable":true,"href":"https:\/\/exos.education\/fr\/wp-json\/wp\/v2\/categories?post=8523"},{"taxonomy":"post_tag","embeddable":true,"href":"https:\/\/exos.education\/fr\/wp-json\/wp\/v2\/tags?post=8523"}],"curies":[{"name":"wp","href":"https:\/\/api.w.org\/{rel}","templated":true}]}}