{"id":8533,"date":"2023-09-22T06:02:00","date_gmt":"2023-09-22T05:02:00","guid":{"rendered":"https:\/\/exos.education\/fr\/exercice-litterature-realismes-naturalismes-niveau-4eme\/"},"modified":"2023-08-21T14:54:32","modified_gmt":"2023-08-21T13:54:32","slug":"exercice-litterature-realismes-naturalismes-niveau-4eme","status":"publish","type":"post","link":"https:\/\/exos.education\/fr\/exercice-litterature-realismes-naturalismes-niveau-4eme\/","title":{"rendered":"Exercice Litt\u00e9rature R\u00e9alismes-Naturalismes Niveau 4eme"},"content":{"rendered":"<p>Points Importants du Cours <img decoding=\"async\" draggable=false\" role=\"img\" class=\"emoji\" alt=\" \" src=\"https:\/\/s.w.org\/images\/core\/emoji\/14.0.0\/svg\/1f3af.svg\"><img decoding=\"async\" draggable=\"false\" role=\"img\" class=\"emoji\" alt=\"\u270f\ufe0f\" src=\"https:\/\/s.w.org\/images\/core\/emoji\/14.0.0\/svg\/270f.svg\"><img decoding=\"async\" draggable=\"false\" role=\"img\" class=\"emoji\" alt=\" \" src=\"https:\/\/s.w.org\/images\/core\/emoji\/14.0.0\/svg\/1f4d2.svg\">:<\/p>\n<p>Le r\u00e9alisme et le naturalisme sont deux mouvements litt\u00e9raires qui ont marqu\u00e9 le 19\u00e8me si\u00e8cle. <\/p>\n<p>Le r\u00e9alisme cherche \u00e0 montrer la r\u00e9alit\u00e9 telle qu&rsquo;elle estdans sa quotidiennet\u00e9 et ses d\u00e9tails les plus fins. Des auteurs comme FlaubertBalzac ou encore Maupassant sont des repr\u00e9sentants majeurs de ce courant.<\/p>\n<p>Quant au naturalismeil d\u00e9rive du r\u00e9alisme mais s&rsquo;en distingue par une approche plus scientifique de la soci\u00e9t\u00e9. Zola en est le principal repr\u00e9sentant avec son cycle des Rougon-Macquart.<\/p>\n<p>Consignes pour l&rsquo;Exercice <img decoding=\"async\" draggable=\"false\" role=\"img\" class=\"emoji\" alt=\"\u270d\ufe0f\" src=\"https:\/\/s.w.org\/images\/core\/emoji\/14.0.0\/svg\/270d.svg\"><img decoding=\"async\" draggable=\"false\" role=\"img\" class=\"emoji\" alt=\"\u231b\" src=\"https:\/\/s.w.org\/images\/core\/emoji\/14.0.0\/svg\/231b.svg\"><img decoding=\"async\" draggable=\"false\" role=\"img\" class=\"emoji\" alt=\" \" src=\"https:\/\/s.w.org\/images\/core\/emoji\/14.0.0\/svg\/1f4da.svg\">:<\/p>\n<p>L&rsquo;exercice qui suit est un QCM portant sur le sujet \u00ab\u00a0Le R\u00e9alisme et Le Naturalisme\u00a0\u00bb. Lisez attentivement chaque question et choisissez l&rsquo;option qui vous semble la plus juste. Vous disposez de 10 \u00e0 20 minutes pour y r\u00e9pondre.<\/p>\n<p>Bonne chance !<\/p>\n<p>Question1 <img decoding=\"async\" draggable=\"false\" role=\"img\" class=\"emoji\" alt=\" \" src=\"https:\/\/s.w.org\/images\/core\/emoji\/14.0.0\/svg\/1f9d0.svg\">:<br \/>Qui est consid\u00e9r\u00e9 comme \u00e9tant le chef d&rsquo;\u00e9cole du courant litt\u00e9raire naturaliste?<br \/>a) Victor Hugo<br \/>b) Emile Zola<br \/>c) Honor\u00e9 de Balzac<\/p>\n<p>Question2 <img decoding=\"async\" draggable=\"false\" role=\"img\" class=\"emoji\" alt=\" \" src=\"https:\/\/s.w.org\/images\/core\/emoji\/14.0.0\/svg\/1f9d0.svg\">:<br \/>Dans quel si\u00e8cle ces mouvements litt\u00e9raires ont-ils principalement \u00e9merg\u00e9s ?<br \/>a) XVII\u00e8me <br \/>b) XVIII\u00e8me <br \/>c) XIX\u00e8me si\u00e8cle<\/p>\n<p>Question3 <img decoding=\"async\" draggable=\"false\" role=\"img\" class=\"emoji\" alt=\" \" src=\"https:\/\/s.w.org\/images\/core\/emoji\/14.0.0\/svg\/1f9d0.svg\">:<br \/>Quel auteur n&rsquo;est pas associ\u00e9 au mouvement r\u00e9aliste?<br \/>a) Gustave Courbet<br \/>b) Guy de Maupassant <br \/>c) Edgar Allan Poe<\/p>\n<p>R\u00e9ponses \u00e0 l&rsquo;exercice <img decoding=\"async\" draggable=\"false\" role=\"img\" class=\"emoji\" alt=\"\u2705\" src=\"https:\/\/s.w.org\/images\/core\/emoji\/14.0.0\/svg\/2705.svg\"><img decoding=\"async\" draggable=\"false\" role=\"img\" class=\"emoji\" alt=\" \" src=\"https:\/\/s.w.org\/images\/core\/emoji\/14.0.0\/svg\/1f4a1.svg\">: <\/p>\n<p>Q1 : b)Emile Zola \u00e9tait en effet vu comme chef d&rsquo;\u00e9cole du naturaliste.<br \/>Q2 : c)Le R\u00e9alisme et Le Naturalisme sont deux courants dominants du XIXe si\u00e8cle.<br \/>Q3 : c)Edgar Allan Poe n&rsquo;est pas un auteur associ\u00e9 au mouvement r\u00e9alistemais plut\u00f4t au romantique noir am\u00e9ricain.<\/p>\n<p>Adaptation aux \u00c9l\u00e8ves :<br \/>Aucune adaptation particuli\u00e8re n&rsquo;est requise pour cet exercice. Tous nos \u00e9l\u00e8ves devraient \u00eatre capables d\u2019y r\u00e9pondre ais\u00e9ment <img decoding=\"async\" draggable=\"false\" role=\"img\" class=\"emoji\" alt=\" \" src=\"https:\/\/s.w.org\/images\/core\/emoji\/14.0.0\/svg\/1f4aa.svg\"><img decoding=\"async\" draggable=\"false\" role=\"img\" class=\"emoji\" alt=\"\u2728\" src=\"https:\/\/s.w.org\/images\/core\/emoji\/14.0.0\/svg\/2728.svg\">!<\/p>\n<p>Mise en forme <img decoding=\"async\" draggable=\"false\" role=\"img\" class=\"emoji\" alt=\"\u2714\ufe0f\" src=\"https:\/\/s.w.org\/images\/core\/emoji\/14.0.0\/svg\/2714.svg\"><img decoding=\"async\" draggable=\"false\" role=\"img\" class=\"emoji\" alt=\" \" src=\"https:\/\/s.w.org\/images\/core\/emoji\/14.0.0\/svg\/1f4bc.svg\"> :<\/p>\n<p>Soit rassur\u00e9 ! Les questions sont r\u00e9dig\u00e9es en grands caract\u00e8res bien lisibles <img decoding=\"async\" draggable=\"false\" role=\"img\" class=\"emoji\" alt=\" \u200d \" src=\"https:\/\/s.w.org\/images\/core\/emoji\/14.0.0\/svg\/1f469-200d-1f3eb.svg\"><img decoding=\"async\" draggable=\"false\" role=\"img\" class=\"emoji\" alt=\"\u2b50\" src=\"https:\/\/s.w.org\/images\/core\/emoji\/14.0.0\/svg\/2b50.svg\">! Les espaces entre les mots assurent une lecture facile <img decoding=\"async\" draggable=\"false\" role=\"img\" class=\"emoji\" alt=\" \" src=\"https:\/\/s.w.org\/images\/core\/emoji\/14.0.0\/svg\/1f60a.svg\"> .<\/p>\n","protected":false},"excerpt":{"rendered":"<p>Points Importants du Cours<\/p>\n","protected":false},"author":5,"featured_media":0,"comment_status":"open","ping_status":"open","sticky":false,"template":"","format":"standard","meta":{"_seopress_robots_primary_cat":"","_seopress_titles_title":"","_seopress_titles_desc":"","_seopress_robots_index":"","_et_pb_use_builder":"","_et_pb_old_content":"","_et_gb_content_width":"","footnotes":""},"categories":[52,12,5,4,318,1],"tags":[],"class_list":["post-8533","post","type-post","status-publish","format-standard","hentry","category-4eme","category-litterature","category-niveaux","category-matieres","category-pas-dadaptation-particuliere","category-exercices-pedagogiques-imprimables-et-gratuits"],"_links":{"self":[{"href":"https:\/\/exos.education\/fr\/wp-json\/wp\/v2\/posts\/8533","targetHints":{"allow":["GET"]}}],"collection":[{"href":"https:\/\/exos.education\/fr\/wp-json\/wp\/v2\/posts"}],"about":[{"href":"https:\/\/exos.education\/fr\/wp-json\/wp\/v2\/types\/post"}],"author":[{"embeddable":true,"href":"https:\/\/exos.education\/fr\/wp-json\/wp\/v2\/users\/5"}],"replies":[{"embeddable":true,"href":"https:\/\/exos.education\/fr\/wp-json\/wp\/v2\/comments?post=8533"}],"version-history":[{"count":0,"href":"https:\/\/exos.education\/fr\/wp-json\/wp\/v2\/posts\/8533\/revisions"}],"wp:attachment":[{"href":"https:\/\/exos.education\/fr\/wp-json\/wp\/v2\/media?parent=8533"}],"wp:term":[{"taxonomy":"category","embeddable":true,"href":"https:\/\/exos.education\/fr\/wp-json\/wp\/v2\/categories?post=8533"},{"taxonomy":"post_tag","embeddable":true,"href":"https:\/\/exos.education\/fr\/wp-json\/wp\/v2\/tags?post=8533"}],"curies":[{"name":"wp","href":"https:\/\/api.w.org\/{rel}","templated":true}]}}