{"id":8539,"date":"2023-09-21T21:20:00","date_gmt":"2023-09-21T20:20:00","guid":{"rendered":"https:\/\/exos.education\/fr\/exercice-art-lart\/"},"modified":"2023-08-21T14:54:31","modified_gmt":"2023-08-21T13:54:31","slug":"exercice-art-lart","status":"publish","type":"post","link":"https:\/\/exos.education\/fr\/exercice-art-lart\/","title":{"rendered":"Exercice Art L\u2019Art"},"content":{"rendered":"<p>Points importants du cours:<br \/>1. La Premi\u00e8re Guerre mondiale (1914-1918) a eu un impact majeur sur le monde de l&rsquo;art.<br \/>2. De nombreux artistes \u00e0 cette \u00e9poque voyaient la guerre comme une rupture brutale avec le pass\u00e9, qui n\u00e9cessitait une nouvelle mani\u00e8re de repr\u00e9senter la r\u00e9alit\u00e9.<br \/>3. Certains styles artistiques associ\u00e9s \u00e0 cette p\u00e9riode comprennent l&rsquo;Expressionisme, le Dada\u00efsme et le Futurisme.<\/p>\n<p><img decoding=\"async\" draggable=false\" role=\"img\" class=\"emoji\" alt=\" \ufe0f\" src=\"https:\/\/s.w.org\/images\/core\/emoji\/14.0.0\/svg\/1f58c.svg\"> **Exercice : L&rsquo;Art et la Premi\u00e8re Guerre mondiale**<\/p>\n<p>**Consignes**: Veuillez r\u00e9pondre avec soin aux questions suivantesen basant vos r\u00e9ponses sur votre compr\u00e9hension et vos connaissances du sujet.<\/p>\n<p><img decoding=\"async\" draggable=\"false\" role=\"img\" class=\"emoji\" alt=\"\u23f1\ufe0f\" src=\"https:\/\/s.w.org\/images\/core\/emoji\/14.0.0\/svg\/23f1.svg\"> Dur\u00e9e: 10-20 minutes<\/p>\n<p>1. Comment la Premi\u00e8re Guerre mondiale a-t-elle influenc\u00e9 le d\u00e9veloppement de nouveaux mouvements artistiques ? <\/p>\n<p>2. Choisissez un artiste ou mouvement sp\u00e9cifique de cette \u00e9poque et d\u00e9crivez comment ils ont r\u00e9agi face \u00e0 la guerre.<\/p>\n<p>3. En utilisant des exemples pr\u00e9cisexpliquez comment les \u0153uvres d&rsquo;art cr\u00e9\u00e9es pendant cette p\u00e9riode refl\u00e8tent les sentiments g\u00e9n\u00e9raux d&rsquo;anxi\u00e9t\u00e9 et d&rsquo;inqui\u00e9tude li\u00e9s au conflit.<\/p>\n<p>4. Comment les sculptures ou monuments comm\u00e9moratifs post-premi\u00e8re guerre mondiale refl\u00e8tent ils l&rsquo;esprit du temps?<\/p>\n<p>5.. Quel r\u00f4le l&rsquo;art a-t-il jou\u00e9 dans l&rsquo;aide pour comprendre l&rsquo;exp\u00e9rience humaine lors de la premi\u00e8re guerre mondiale?<\/p>\n<p><img decoding=\"async\" draggable=\"false\" role=\"img\" class=\"emoji\" alt=\" \" src=\"https:\/\/s.w.org\/images\/core\/emoji\/14.0.0\/svg\/1f4a1.svg\"> **R\u00e9ponses**:<\/p>\n<p>1.- Les horreurs exp\u00e9riment\u00e9es pendant la premi\u00e8re guerre ont pouss\u00e9 les artistes vers des formes plus radicales d\u2019expression pour capturer leur d\u00e9sillusionment par rapport au monde en d\u00e9route autour d\u2019eux.<\/p>\n<p>2.- Il y aura une vari\u00e9t\u00e9 de r\u00e9ponses possibles ici tant que chaque \u00e9l\u00e8ve choisit un mouvement ou un artiste sp\u00e9cifiquement li\u00e9 \u00e0 cet \u00e9poque (par exemple: Otto Dix \/ George Grosz \/ Expressionnism \/ Dada)<\/p>\n<p>3.- Encore une fois il y aura plusieurs bonnes solutions possible mais cela pourrait inclure des oeuvres sombres dramatiques montrants les horreurs physiques et psychologique li\u00e9es \u00e0 l\u2019injustice sociale caus\u00e9es par suite du conflit .<\/p>\n<p>4.- Ces monuments soulignent g\u00e9n\u00e9ralement soit h\u00e9ro\u00efsme soit trag\u00e9die donc devrait \u00eatre \u00e9tudi\u00e9s chacun individuellement <\/p>\n<p>5- Les images repr\u00e9sentatives qui d\u00e9peignent atrocit\u00e9s violentes n\u2019auraient pu exister sans leurs prises-de-vue en personne &#8211; notamment grace aux contributions faites par plusieurs peintures avant-gardistes ainsi comme photographies cin\u00e9matographiques pris durant diff\u00e9rents moments tout long cours First World War itself!<\/p>\n<p>Cet exercice est con\u00e7u sp\u00e9cifiquement pour aider nos \u00e9l\u00e8ves non seulement apprendre conceptuellement ce que c\u2019\u00e9tait \u00ab avant-garde \u00bb mais aussi avoir id\u00e9e meilleur fa\u00e7on dont culture populaire normale telle qu\u2019elle exist aujourd\u2019hui provient \u00e9v\u00e9nements historique tels<br \/><img decoding=\"async\" draggable=\"false\" role=\"img\" class=\"emoji\" alt=\" \" src=\"https:\/\/s.w.org\/images\/core\/emoji\/14.0.0\/svg\/1f4da.svg\"> Cet exercice sera particuli\u00e8rement utile pour d\u00e9velopper vos comp\u00e9tences en analyse critiqueainsi que votre conscience historique <img decoding=\"async\" draggable=\"false\" role=\"img\" class=\"emoji\" alt=\" \" src=\"https:\/\/s.w.org\/images\/core\/emoji\/14.0.0\/svg\/1f31f.svg\"><\/p>\n","protected":false},"excerpt":{"rendered":"<p>Points importants du cours:1. La Premi\u00e8re Guerre mondiale (1914-1918) a eu un impact majeur sur le monde de l&rsquo;art.2. De nombreux artistes \u00e0 cette \u00e9poque voyaient la guerre comme une rupture brutale avec le pass\u00e9, qui n\u00e9cessitait une nouvelle mani\u00e8re de repr\u00e9senter la r\u00e9alit\u00e9.3. Certains styles artistiques associ\u00e9s \u00e0 cette p\u00e9riode comprennent l&rsquo;Expressionisme, le Dada\u00efsme [&hellip;]<\/p>\n","protected":false},"author":5,"featured_media":0,"comment_status":"open","ping_status":"open","sticky":false,"template":"","format":"standard","meta":{"_seopress_robots_primary_cat":"","_seopress_titles_title":"","_seopress_titles_desc":"","_seopress_robots_index":"","_et_pb_use_builder":"","_et_pb_old_content":"","_et_gb_content_width":"","footnotes":""},"categories":[52,30,5,4,318,1],"tags":[],"class_list":["post-8539","post","type-post","status-publish","format-standard","hentry","category-4eme","category-art","category-niveaux","category-matieres","category-pas-dadaptation-particuliere","category-exercices-pedagogiques-imprimables-et-gratuits"],"_links":{"self":[{"href":"https:\/\/exos.education\/fr\/wp-json\/wp\/v2\/posts\/8539","targetHints":{"allow":["GET"]}}],"collection":[{"href":"https:\/\/exos.education\/fr\/wp-json\/wp\/v2\/posts"}],"about":[{"href":"https:\/\/exos.education\/fr\/wp-json\/wp\/v2\/types\/post"}],"author":[{"embeddable":true,"href":"https:\/\/exos.education\/fr\/wp-json\/wp\/v2\/users\/5"}],"replies":[{"embeddable":true,"href":"https:\/\/exos.education\/fr\/wp-json\/wp\/v2\/comments?post=8539"}],"version-history":[{"count":0,"href":"https:\/\/exos.education\/fr\/wp-json\/wp\/v2\/posts\/8539\/revisions"}],"wp:attachment":[{"href":"https:\/\/exos.education\/fr\/wp-json\/wp\/v2\/media?parent=8539"}],"wp:term":[{"taxonomy":"category","embeddable":true,"href":"https:\/\/exos.education\/fr\/wp-json\/wp\/v2\/categories?post=8539"},{"taxonomy":"post_tag","embeddable":true,"href":"https:\/\/exos.education\/fr\/wp-json\/wp\/v2\/tags?post=8539"}],"curies":[{"name":"wp","href":"https:\/\/api.w.org\/{rel}","templated":true}]}}