{"id":8552,"date":"2023-09-18T18:40:00","date_gmt":"2023-09-18T17:40:00","guid":{"rendered":"https:\/\/exos.education\/fr\/exercice-histoire-entre-deux-guerres-niveau-3eme\/"},"modified":"2023-08-21T14:54:29","modified_gmt":"2023-08-21T13:54:29","slug":"exercice-histoire-entre-deux-guerres-niveau-3eme","status":"publish","type":"post","link":"https:\/\/exos.education\/fr\/exercice-histoire-entre-deux-guerres-niveau-3eme\/","title":{"rendered":"Exercice Histoire Entre-Deux-Guerres Niveau 3\u00e8me"},"content":{"rendered":"<p>Points importants du cours :<\/p>\n<p>1. L&rsquo;entre-deux-guerres est une p\u00e9riode qui s&rsquo;\u00e9tend de la fin de la Premi\u00e8re Guerre mondiale en 1918 jusqu&rsquo;au d\u00e9but de la Seconde Guerre mondiale en 1939.<br \/>2. Elle est marqu\u00e9e par le Trait\u00e9 de Versailles, sign\u00e9 en 1919, qui a mis officiellement fin \u00e0 la guerre entre l&rsquo;Allemagne et les Alli\u00e9s.<br \/>3. Cette p\u00e9riode comprend \u00e9galement le krach boursier de 1929 qui a conduit \u00e0 la Grande D\u00e9pression et a eu des effets d\u00e9vastateurs sur l&rsquo;\u00e9conomie mondiale.<\/p>\n<p>Consignes pour l&rsquo;exercice:<\/p>\n<p>Vous allez compl\u00e9ter les phrases ci-dessous avec les mots appropri\u00e9s pour \u00e9valuer votre compr\u00e9hension du sujet.<\/p>\n<p>Exercice:<\/p>\n<p>1. La Premi\u00e8re Guerre mondiale s&rsquo;est termin\u00e9e en __________ .<\/p>\n<p>2. Le Trait\u00e9 de __________ a \u00e9t\u00e9 sign\u00e9 en __________ , mettant officiellement fin \u00e0 la guerre entre l&rsquo;Allemagne et les Alli\u00e9s.<\/p>\n<p>3. Une crise \u00e9conomique majeure appel\u00e9e le Krach de ________\u00a0\u00bb a eu lieu en ______provoquant une d\u00e9pression \u00e9conomique dans le monde entier.<\/p>\n<p><img decoding=\"async\" draggable=\"false\" role=\"img\" class=\"emoji\" alt=\" \" src=\"https:\/\/s.w.org\/images\/core\/emoji\/14.0.0\/svg\/1f4a1.svg\">Astuce : Utilisez vos notes ou votre manuel d&rsquo;Histoire si vous peinez \u00e0 retrouver un \u00e9l\u00e9ment!<\/p>\n<p>R\u00e9ponses :<\/p>\n<p>1 . La Premi\u00e8re Guerre mondiale s&rsquo;est termin\u00e9e en 1918<\/p>\n<p>2 . Le Trait\u00e9 de Versailles a \u00e9t\u00e9 sign\u00e9 en 1919mettant officiellement fin \u00e0 la guerre entre l&rsquo;Allemagne et les Alli\u00e9s.<\/p>\n<p>3 . Une crise \u00e9conomique majeure appel\u00e9e le \u00ab\u00a0Krach boursier\u00a0\u00bb a eu lieu en 1929provoquant une d\u00e9pression \u00e9conomique dans le monde entier.<\/p>\n<p>Cet exercice est con\u00e7u pour aider tous les \u00e9tudiants \u00e0 se rappeler des \u00e9v\u00e8nements cl\u00e9sde cette ann\u00e9e pendant cette p\u00e9riode historiquement importante.Les donn\u00e9es factuelles simples sont utilis\u00e9es afin que morts puissent int\u00e9grer facilement ces informations importantes..<\/p>\n","protected":false},"excerpt":{"rendered":"<p>Points importants du cours : 1. L&rsquo;entre-deux-guerres est une p\u00e9riode qui s&rsquo;\u00e9tend de la fin de la Premi\u00e8re Guerre mondiale en 1918 jusqu&rsquo;au d\u00e9but de la Seconde Guerre mondiale en 1939.2. Elle est marqu\u00e9e par le Trait\u00e9 de Versailles, sign\u00e9 en 1919, qui a mis officiellement fin \u00e0 la guerre entre l&rsquo;Allemagne et les Alli\u00e9s.3. [&hellip;]<\/p>\n","protected":false},"author":5,"featured_media":0,"comment_status":"open","ping_status":"open","sticky":false,"template":"","format":"standard","meta":{"_seopress_robots_primary_cat":"","_seopress_titles_title":"","_seopress_titles_desc":"","_seopress_robots_index":"","_et_pb_use_builder":"","_et_pb_old_content":"","_et_gb_content_width":"","footnotes":""},"categories":[9,5,4,53,318,1],"tags":[],"class_list":["post-8552","post","type-post","status-publish","format-standard","hentry","category-histoire","category-niveaux","category-matieres","category-3eme","category-pas-dadaptation-particuliere","category-exercices-pedagogiques-imprimables-et-gratuits"],"_links":{"self":[{"href":"https:\/\/exos.education\/fr\/wp-json\/wp\/v2\/posts\/8552","targetHints":{"allow":["GET"]}}],"collection":[{"href":"https:\/\/exos.education\/fr\/wp-json\/wp\/v2\/posts"}],"about":[{"href":"https:\/\/exos.education\/fr\/wp-json\/wp\/v2\/types\/post"}],"author":[{"embeddable":true,"href":"https:\/\/exos.education\/fr\/wp-json\/wp\/v2\/users\/5"}],"replies":[{"embeddable":true,"href":"https:\/\/exos.education\/fr\/wp-json\/wp\/v2\/comments?post=8552"}],"version-history":[{"count":0,"href":"https:\/\/exos.education\/fr\/wp-json\/wp\/v2\/posts\/8552\/revisions"}],"wp:attachment":[{"href":"https:\/\/exos.education\/fr\/wp-json\/wp\/v2\/media?parent=8552"}],"wp:term":[{"taxonomy":"category","embeddable":true,"href":"https:\/\/exos.education\/fr\/wp-json\/wp\/v2\/categories?post=8552"},{"taxonomy":"post_tag","embeddable":true,"href":"https:\/\/exos.education\/fr\/wp-json\/wp\/v2\/tags?post=8552"}],"curies":[{"name":"wp","href":"https:\/\/api.w.org\/{rel}","templated":true}]}}