{"id":8586,"date":"2023-09-09T05:00:00","date_gmt":"2023-09-09T04:00:00","guid":{"rendered":"https:\/\/exos.education\/fr\/exercice-histoire-humanisme-et-renaissance-niveau-seconde\/"},"modified":"2023-08-21T14:54:25","modified_gmt":"2023-08-21T13:54:25","slug":"exercice-histoire-humanisme-et-renaissance-niveau-seconde","status":"publish","type":"post","link":"https:\/\/exos.education\/fr\/exercice-histoire-humanisme-et-renaissance-niveau-seconde\/","title":{"rendered":"Exercice Histoire Humanisme et Renaissance Niveau Seconde"},"content":{"rendered":"<p>Titre du cours : Les principales figures et id\u00e9es de l&rsquo;Humanisme et la Renaissance<\/p>\n<p>Points importants du cours :<br \/>1. L&rsquo;humanisme est un mouvement philosophique europ\u00e9en qui se d\u00e9veloppe aux 15\u00e8me et 16\u00e8me si\u00e8cles pendant la Renaissance. Il favorise un retour \u00e0 l&rsquo;\u00e9tude des auteurs classiques grecs et romains.<br \/>2. La Renaissance, p\u00e9riode historique suivant le Moyen \u00c2ge, a \u00e9t\u00e9 une \u00e9poque de grands bouleversements culturels.<br \/>3. Des penseurs comme Erasme, Rabelais ou Montaigne sont embl\u00e9matiques de cette p\u00e9riode.<\/p>\n<p><img decoding=\"async\" draggable=false\" role=\"img\" class=\"emoji\" alt=\" \" src=\"https:\/\/s.w.org\/images\/core\/emoji\/14.0.0\/svg\/1f31f.svg\">Exercice <img decoding=\"async\" draggable=\"false\" role=\"img\" class=\"emoji\" alt=\" \" src=\"https:\/\/s.w.org\/images\/core\/emoji\/14.0.0\/svg\/1f31f.svg\"><br \/>Nom : Les acteurs cl\u00e9s de l&rsquo;Humanisme et la Renaissance<\/p>\n<p>Consigne :<\/p>\n<p>Je vais citer quelques citations c\u00e9l\u00e8bres <img decoding=\"async\" draggable=\"false\" role=\"img\" class=\"emoji\" alt=\" \" src=\"https:\/\/s.w.org\/images\/core\/emoji\/14.0.0\/svg\/1f440.svg\"> Trouve qui en est l&rsquo;auteur parmi les humanistes que nous avons \u00e9tudi\u00e9s (ErasmeRabelais ou Montaigne).<br \/><img decoding=\"async\" draggable=\"false\" role=\"img\" class=\"emoji\" alt=\"1\ufe0f\u20e3\" src=\"https:\/\/s.w.org\/images\/core\/emoji\/14.0.0\/svg\/31-20e3.svg\"> \u00ab\u00a0Que sais-je?\u00a0\u00bb <br \/><img decoding=\"async\" draggable=\"false\" role=\"img\" class=\"emoji\" alt=\"2\ufe0f\u20e3\" src=\"https:\/\/s.w.org\/images\/core\/emoji\/14.0.0\/svg\/32-20e3.svg\"> \u00ab\u00a0L&rsquo;homme est n\u00e9 pour vivre dans les convulsions de l\u2019inqui\u00e9tudeou dans la l\u00e9thargie de l\u2019ennui.\u00a0\u00bb<br \/><img decoding=\"async\" draggable=\"false\" role=\"img\" class=\"emoji\" alt=\"3\ufe0f\u20e3\" src=\"https:\/\/s.w.org\/images\/core\/emoji\/14.0.0\/svg\/33-20e3.svg\"> \u00ab\u00a0Tout homme porte tout le genre humain\u00a0\u00bb<\/p>\n<p>A toi maintenant !<\/p>\n<p>&#8212;<\/p>\n<p>Ce type d&rsquo;exercice vise \u00e0 encourager votre rappel des grandes figures humanistes <img decoding=\"async\" draggable=\"false\" role=\"img\" class=\"emoji\" alt=\" \" src=\"https:\/\/s.w.org\/images\/core\/emoji\/14.0.0\/svg\/1f4a1.svg\">et leurs philosophies respectives<img decoding=\"async\" draggable=\"false\" role=\"img\" class=\"emoji\" alt=\" \" src=\"https:\/\/s.w.org\/images\/core\/emoji\/14.0.0\/svg\/1f4ad.svg\"> afin d&rsquo;affiner votre compr\u00e9hension g\u00e9n\u00e9rale des principes directeurs derri\u00e8re ces deux mouvements importants <img decoding=\"async\" draggable=\"false\" role=\"img\" class=\"emoji\" alt=\"\u2b50\" src=\"https:\/\/s.w.org\/images\/core\/emoji\/14.0.0\/svg\/2b50.svg\">. <\/p>\n<p>**R\u00e9ponses**<\/p>\n<p>Voici les r\u00e9ponses :<\/p>\n<p><img decoding=\"async\" draggable=\"false\" role=\"img\" class=\"emoji\" alt=\"1\ufe0f\u20e3\" src=\"https:\/\/s.w.org\/images\/core\/emoji\/14.0.0\/svg\/31-20e3.svg\"> \u00ab\u00a0Que sais-je ?\u00a0\u00bb a \u00e9t\u00e9 dit par Montaigne.<br \/><img decoding=\"async\" draggable=\"false\" role=\"img\" class=\"emoji\" alt=\"2\ufe0f\u20e3\" src=\"https:\/\/s.w.org\/images\/core\/emoji\/14.0.0\/svg\/32-20e3.svg\"> \u00ab\u00a0L&rsquo;homme est n\u00e9 pour vivre&#8230;\u00a0\u00bb est une citation d&rsquo;Erasme.<br \/><img decoding=\"async\" draggable=\"false\" role=\"img\" class=\"emoji\" alt=\"3\ufe0f\u20e3\" src=\"https:\/\/s.w.org\/images\/core\/emoji\/14.0.0\/svg\/33-20e3.svg\"> La citation \u00ab\u00a0Tout homme porte tout le genre humain\u00a0\u00bb appartient \u00e0 Rabelais.<\/p>\n","protected":false},"excerpt":{"rendered":"<p>Titre du cours : Les principales figures et id\u00e9es de l&rsquo;Humanisme et la Renaissance Points importants du cours :1. L&rsquo;humanisme est un mouvement philosophique europ\u00e9en qui se d\u00e9veloppe aux 15\u00e8me et 16\u00e8me si\u00e8cles pendant la Renaissance. Il favorise un retour \u00e0 l&rsquo;\u00e9tude des auteurs classiques grecs et romains.2. La Renaissance, p\u00e9riode historique suivant le Moyen [&hellip;]<\/p>\n","protected":false},"author":5,"featured_media":0,"comment_status":"open","ping_status":"open","sticky":false,"template":"","format":"standard","meta":{"_seopress_robots_primary_cat":"","_seopress_titles_title":"","_seopress_titles_desc":"","_seopress_robots_index":"","_et_pb_use_builder":"","_et_pb_old_content":"","_et_gb_content_width":"","footnotes":""},"categories":[54,9,5,4,318,1],"tags":[],"class_list":["post-8586","post","type-post","status-publish","format-standard","hentry","category-2nde","category-histoire","category-niveaux","category-matieres","category-pas-dadaptation-particuliere","category-exercices-pedagogiques-imprimables-et-gratuits"],"_links":{"self":[{"href":"https:\/\/exos.education\/fr\/wp-json\/wp\/v2\/posts\/8586","targetHints":{"allow":["GET"]}}],"collection":[{"href":"https:\/\/exos.education\/fr\/wp-json\/wp\/v2\/posts"}],"about":[{"href":"https:\/\/exos.education\/fr\/wp-json\/wp\/v2\/types\/post"}],"author":[{"embeddable":true,"href":"https:\/\/exos.education\/fr\/wp-json\/wp\/v2\/users\/5"}],"replies":[{"embeddable":true,"href":"https:\/\/exos.education\/fr\/wp-json\/wp\/v2\/comments?post=8586"}],"version-history":[{"count":0,"href":"https:\/\/exos.education\/fr\/wp-json\/wp\/v2\/posts\/8586\/revisions"}],"wp:attachment":[{"href":"https:\/\/exos.education\/fr\/wp-json\/wp\/v2\/media?parent=8586"}],"wp:term":[{"taxonomy":"category","embeddable":true,"href":"https:\/\/exos.education\/fr\/wp-json\/wp\/v2\/categories?post=8586"},{"taxonomy":"post_tag","embeddable":true,"href":"https:\/\/exos.education\/fr\/wp-json\/wp\/v2\/tags?post=8586"}],"curies":[{"name":"wp","href":"https:\/\/api.w.org\/{rel}","templated":true}]}}