{"id":8599,"date":"2023-09-06T17:36:00","date_gmt":"2023-09-06T16:36:00","guid":{"rendered":"https:\/\/exos.education\/fr\/exercice-francais-art-culture-niveau-seconde-auto-evaluateur\/"},"modified":"2023-08-21T14:54:23","modified_gmt":"2023-08-21T13:54:23","slug":"exercice-francais-art-culture-niveau-seconde-auto-evaluateur","status":"publish","type":"post","link":"https:\/\/exos.education\/fr\/exercice-francais-art-culture-niveau-seconde-auto-evaluateur\/","title":{"rendered":"Exercice Fran\u00e7ais Art &amp; Culture Niveau Seconde Auto-\u00e9valuateur"},"content":{"rendered":"<p>Points importants du cours <img decoding=\"async\" draggable=\"false\" role=\"img\" class=\"emoji\" alt=\" \" src=\"https:\/\/s.w.org\/images\/core\/emoji\/14.0.0\/svg\/1f4da.svg\"><br \/>&#8212;&#8212;&#8212;&#8212;&#8212;<br \/>1. Connaissez votre vocabulaire dans le domaine de l&rsquo;art et de la culture.<br \/>2. Familiarisez-vous avec les diff\u00e9rentes \u00e9poques artistiques, ainsi que les courants litt\u00e9raires qui les accompagnent.<br \/>3. Comprenez la syntaxe pour pouvoir exprimer un jugement articul\u00e9, en argumentant votre r\u00e9ponse.<\/p>\n<p>Consignes pour l&rsquo;exercice <img decoding=\"async\" draggable=\"false\" role=\"img\" class=\"emoji\" alt=\" \ufe0f\" src=\"https:\/\/s.w.org\/images\/core\/emoji\/14.0.0\/svg\/1f58a.svg\"><img decoding=\"async\" draggable=\"false\" role=\"img\" class=\"emoji\" alt=\"\u2728\" src=\"https:\/\/s.w.org\/images\/core\/emoji\/14.0.0\/svg\/2728.svg\"><br \/>&#8212;&#8212;&#8212;&#8212;&#8212;<br \/>Cet exercice est une auto-\u00e9valuation qui vous aidera \u00e0 comprendre o\u00f9 vous en \u00eates par rapport \u00e0 votre compr\u00e9hension du sujet \u00ab\u00a0Art et Culture\u00a0\u00bb. Lisez attentivement chaque question avant d&rsquo;y r\u00e9pondre; r\u00e9f\u00e9rez-vous aux points cl\u00e9s mentionn\u00e9s plus haut si n\u00e9cessaire.<\/p>\n<p>Questions ouvertes :<br \/>1) Nommez trois mouvements artistiques diff\u00e9rents et donnez des exemples d&rsquo;artistes c\u00e9l\u00e8bres associ\u00e9s \u00e0 chacun d&rsquo;eux. (5 min)<\/p>\n<p>2) Choisissez une \u0153uvre sp\u00e9cifique (peinture, sculpture, livre&#8230;) issue de l&rsquo;un des mouvements que vous avez mentionn\u00e9s pr\u00e9c\u00e9demment, d\u00e9crivez-l\u00e0 bri\u00e8vement et \u00e9voquez son impact sur son temps ainsi qu&rsquo;\u00e0 notre \u00e9poque actuelle. Comment a-t-elle su marquer la population g\u00e9n\u00e9rale ou une communaut\u00e9 sp\u00e9cifique? Comment s&rsquo;est-elle inscrite durablement dans notre patrimoine culturel ?  (10 min)<\/p>\n<p>3) Imaginez \u00eatre un critique d&rsquo;art au moment o\u00f9 cette \u0153uvre est pr\u00e9sent\u00e9e pour la premi\u00e8re fois au public : quelle serait votre r\u00e9action ? Arguez vos affirmations.(5 min)<\/p>\n<p>R\u00e9ponses de l&rsquo;exercice <img decoding=\"async\" draggable=\"false\" role=\"img\" class=\"emoji\" alt=\" \" src=\"https:\/\/s.w.org\/images\/core\/emoji\/14.0.0\/svg\/1f447.svg\"> <br \/>&#8212;&#8212;&#8212;&#8212;&#8212;<br \/>Les r\u00e9ponses varieront grandement selon le choix personnel des \u00e9l\u00e8ves mais voici quelques indications :<br \/>1) Les \u00e9l\u00e9ments pertinents sont: nom du mouvement artistique   noms associ\u00e9s avec ce mouvement.<br \/>2) Les \u00e9l\u00e9ments pertinents sont: nom   description succincte de l\u2019\u0153uvre &#8211; contexte historique &#8211; impact\/ influence sur sa p\u00e9riode &#8211; respect \/ perseveration dans notre \u00e8re moderne.<br \/>3) La perspective adopt\u00e9e doit \u00eatre coh\u00e9rente avec le contexte historique pr\u00e9sent\u00e9 pr\u00e9c\u00e9demment ; elle doit aussi \u00eatre argument\u00e9e logiquement en reconnectant aux particularit\u00e9s pr\u00e9sent\u00e9es lors de sa description.<\/p>\n<p>Cet exercice requiert que les \u00e9l\u00e8ves fassent preuve non seulement de connaissances factuelles mais \u00e9galement qu&rsquo;ils connectent ces informations entre elles afin d&rsquo;en tirer au final une interpr\u00e9tation personnelle coh\u00e9rante.<\/p>\n","protected":false},"excerpt":{"rendered":"<p>Points importants du cours &#8212;&#8212;&#8212;&#8212;&#8212;1. Connaissez votre vocabulaire dans le domaine de l&rsquo;art et de la culture.2. Familiarisez-vous avec les diff\u00e9rentes \u00e9poques artistiques, ainsi que les courants litt\u00e9raires qui les accompagnent.3. Comprenez la syntaxe pour pouvoir exprimer un jugement articul\u00e9, en argumentant votre r\u00e9ponse. Consignes pour l&rsquo;exercice &#8212;&#8212;&#8212;&#8212;&#8212;Cet exercice est une auto-\u00e9valuation qui vous aidera [&hellip;]<\/p>\n","protected":false},"author":5,"featured_media":0,"comment_status":"open","ping_status":"open","sticky":false,"template":"","format":"standard","meta":{"_seopress_robots_primary_cat":"","_seopress_titles_title":"","_seopress_titles_desc":"","_seopress_robots_index":"","_et_pb_use_builder":"","_et_pb_old_content":"","_et_gb_content_width":"","footnotes":""},"categories":[54,11,5,4,318,1],"tags":[],"class_list":["post-8599","post","type-post","status-publish","format-standard","hentry","category-2nde","category-langues","category-niveaux","category-matieres","category-pas-dadaptation-particuliere","category-exercices-pedagogiques-imprimables-et-gratuits"],"_links":{"self":[{"href":"https:\/\/exos.education\/fr\/wp-json\/wp\/v2\/posts\/8599","targetHints":{"allow":["GET"]}}],"collection":[{"href":"https:\/\/exos.education\/fr\/wp-json\/wp\/v2\/posts"}],"about":[{"href":"https:\/\/exos.education\/fr\/wp-json\/wp\/v2\/types\/post"}],"author":[{"embeddable":true,"href":"https:\/\/exos.education\/fr\/wp-json\/wp\/v2\/users\/5"}],"replies":[{"embeddable":true,"href":"https:\/\/exos.education\/fr\/wp-json\/wp\/v2\/comments?post=8599"}],"version-history":[{"count":0,"href":"https:\/\/exos.education\/fr\/wp-json\/wp\/v2\/posts\/8599\/revisions"}],"wp:attachment":[{"href":"https:\/\/exos.education\/fr\/wp-json\/wp\/v2\/media?parent=8599"}],"wp:term":[{"taxonomy":"category","embeddable":true,"href":"https:\/\/exos.education\/fr\/wp-json\/wp\/v2\/categories?post=8599"},{"taxonomy":"post_tag","embeddable":true,"href":"https:\/\/exos.education\/fr\/wp-json\/wp\/v2\/tags?post=8599"}],"curies":[{"name":"wp","href":"https:\/\/api.w.org\/{rel}","templated":true}]}}