{"id":8606,"date":"2023-09-04T07:04:00","date_gmt":"2023-09-04T06:04:00","guid":{"rendered":"https:\/\/exos.education\/fr\/exercice-art-lart-baroque-niveau-seconde\/"},"modified":"2023-08-21T14:54:22","modified_gmt":"2023-08-21T13:54:22","slug":"exercice-art-lart-baroque-niveau-seconde","status":"publish","type":"post","link":"https:\/\/exos.education\/fr\/exercice-art-lart-baroque-niveau-seconde\/","title":{"rendered":"Exercice Art L&rsquo;Art Baroque Niveau Seconde"},"content":{"rendered":"<p>Points importants du cours :<br \/><img decoding=\"async\" draggable=false\" role=\"img\" class=\"emoji\" alt=\"1\ufe0f\u20e3\" src=\"https:\/\/s.w.org\/images\/core\/emoji\/14.0.0\/svg\/31-20e3.svg\"> L&rsquo;art baroque est un mouvement artistique qui a commenc\u00e9 en Italie vers la fin du 16\u00e8me si\u00e8cle et s&rsquo;est \u00e9tendu \u00e0 l&rsquo;ensemble de l&rsquo;Europe.<br \/><img decoding=\"async\" draggable=\"false\" role=\"img\" class=\"emoji\" alt=\"2\ufe0f\u20e3\" src=\"https:\/\/s.w.org\/images\/core\/emoji\/14.0.0\/svg\/32-20e3.svg\"> Il se caract\u00e9rise par un exc\u00e8s de d\u00e9corationdes formes dynamiquesl&rsquo;utilisation dramatique de la lumi\u00e8re et des couleurs.<br \/><img decoding=\"async\" draggable=\"false\" role=\"img\" class=\"emoji\" alt=\"3\ufe0f\u20e3\" src=\"https:\/\/s.w.org\/images\/core\/emoji\/14.0.0\/svg\/33-20e3.svg\"> Il refl\u00e8te la contre-r\u00e9forme catholique voulue par le pape en r\u00e9ponse \u00e0 la R\u00e9forme protestante.<\/p>\n<p>Consignes pour l&rsquo;exercice <img decoding=\"async\" draggable=\"false\" role=\"img\" class=\"emoji\" alt=\" \" src=\"https:\/\/s.w.org\/images\/core\/emoji\/14.0.0\/svg\/1f4dd.svg\">:<br \/>Je vais te montrer quatre images d&rsquo;\u0153uvres d&rsquo;art. Deux d&rsquo;entre elles appartiennent au style baroque <img decoding=\"async\" draggable=\"false\" role=\"img\" class=\"emoji\" alt=\" \" src=\"https:\/\/s.w.org\/images\/core\/emoji\/14.0.0\/svg\/1f3db.svg\">. Tu devras dire quelles sont les \u0153uvres baroques et pourquoi tu penses qu&rsquo;elles le sont. Utilise les points importants que nous avons \u00e9tudi\u00e9s dans le cours pour justifier tes r\u00e9ponses.<\/p>\n<p><img decoding=\"async\" draggable=\"false\" role=\"img\" class=\"emoji\" alt=\" \" src=\"https:\/\/s.w.org\/images\/core\/emoji\/14.0.0\/svg\/1f5bc.svg\"> Image 1: Le tableau \u00ab\u00a0La C\u00e8ne\u00a0\u00bb de Leonardo da Vinci<br \/><img decoding=\"async\" draggable=\"false\" role=\"img\" class=\"emoji\" alt=\" \" src=\"https:\/\/s.w.org\/images\/core\/emoji\/14.0.0\/svg\/1f5bc.svg\"> Image 2: La sculpture \u00ab\u00a0L\u2019extase de Sainte Th\u00e9r\u00e8se\u00a0\u00bb de Gian Lorenzo Bernini<br \/><img decoding=\"async\" draggable=\"false\" role=\"img\" class=\"emoji\" alt=\" \" src=\"https:\/\/s.w.org\/images\/core\/emoji\/14.0.0\/svg\/1f5bc.svg\"> Image 3: Le ch\u00e2teau Versailles<br \/><img decoding=\"async\" draggable=\"false\" role=\"img\" class=\"emoji\" alt=\" \" src=\"https:\/\/s.w.org\/images\/core\/emoji\/14.0.0\/svg\/1f5bc.svg\"> Image 4: La peinture \u00ab\u00a0la jeune fille \u00e0 la perle\u00a0\u00bb de Johannes Vermeer<\/p>\n<p>R\u00e9ponses aux questions :<\/p>\n<p>Les images qui repr\u00e9sentent des \u0153uvres d\u2019art baroques sont <img decoding=\"async\" draggable=\"false\" role=\"img\" class=\"emoji\" alt=\" \" src=\"https:\/\/s.w.org\/images\/core\/emoji\/14.0.0\/svg\/1f170.svg\"> &#8211; L\u2019image n\u00b02 (sculpture) : L\u2019exc\u00e8s dans les drap\u00e9sles expressions exag\u00e9r\u00e9es et dramatiques correspondent au style Baroque; et <img decoding=\"async\" draggable=\"false\" role=\"img\" class=\"emoji\" alt=\" \" src=\"https:\/\/s.w.org\/images\/core\/emoji\/14.0.0\/svg\/1f171.svg\"> &#8211; L&rsquo;image n\u00b03 (ch\u00e2teau) : Versailles avec son architecture complexe plein d\u2019exub\u00e9rance fait partie du style Baroque.<\/p>\n<p>Cet exercice est adapt\u00e9 aux \u00e9l\u00e8ves car il met en pratique leurs connaissances th\u00e9oriques sur l\u2019art Baroque \u00e0 partir des images concr\u00e8tes. Facile mais efficacecet exercice encourage aussi leur capacit\u00e9 analytique tout en prenant peu de temps <img decoding=\"async\" draggable=\"false\" role=\"img\" class=\"emoji\" alt=\" \" src=\"https:\/\/s.w.org\/images\/core\/emoji\/14.0.0\/svg\/1f44d.svg\">.<\/p>\n","protected":false},"excerpt":{"rendered":"<p>Points importants du cours :<\/p>\n","protected":false},"author":5,"featured_media":0,"comment_status":"open","ping_status":"open","sticky":false,"template":"","format":"standard","meta":{"_seopress_robots_primary_cat":"","_seopress_titles_title":"","_seopress_titles_desc":"","_seopress_robots_index":"","_et_pb_use_builder":"","_et_pb_old_content":"","_et_gb_content_width":"","footnotes":""},"categories":[54,30,5,4,318,1],"tags":[],"class_list":["post-8606","post","type-post","status-publish","format-standard","hentry","category-2nde","category-art","category-niveaux","category-matieres","category-pas-dadaptation-particuliere","category-exercices-pedagogiques-imprimables-et-gratuits"],"_links":{"self":[{"href":"https:\/\/exos.education\/fr\/wp-json\/wp\/v2\/posts\/8606","targetHints":{"allow":["GET"]}}],"collection":[{"href":"https:\/\/exos.education\/fr\/wp-json\/wp\/v2\/posts"}],"about":[{"href":"https:\/\/exos.education\/fr\/wp-json\/wp\/v2\/types\/post"}],"author":[{"embeddable":true,"href":"https:\/\/exos.education\/fr\/wp-json\/wp\/v2\/users\/5"}],"replies":[{"embeddable":true,"href":"https:\/\/exos.education\/fr\/wp-json\/wp\/v2\/comments?post=8606"}],"version-history":[{"count":0,"href":"https:\/\/exos.education\/fr\/wp-json\/wp\/v2\/posts\/8606\/revisions"}],"wp:attachment":[{"href":"https:\/\/exos.education\/fr\/wp-json\/wp\/v2\/media?parent=8606"}],"wp:term":[{"taxonomy":"category","embeddable":true,"href":"https:\/\/exos.education\/fr\/wp-json\/wp\/v2\/categories?post=8606"},{"taxonomy":"post_tag","embeddable":true,"href":"https:\/\/exos.education\/fr\/wp-json\/wp\/v2\/tags?post=8606"}],"curies":[{"name":"wp","href":"https:\/\/api.w.org\/{rel}","templated":true}]}}