{"id":8608,"date":"2023-09-04T07:14:00","date_gmt":"2023-09-04T06:14:00","guid":{"rendered":"https:\/\/exos.education\/fr\/exercice-art-mouvements-artistiques-xxe-siecle-niveau-seconde\/"},"modified":"2023-08-21T14:54:22","modified_gmt":"2023-08-21T13:54:22","slug":"exercice-art-mouvements-artistiques-xxe-siecle-niveau-seconde","status":"publish","type":"post","link":"https:\/\/exos.education\/fr\/exercice-art-mouvements-artistiques-xxe-siecle-niveau-seconde\/","title":{"rendered":"Exercice Art Mouvements Artistiques XXe Si\u00e8cle Niveau Seconde"},"content":{"rendered":"<p>Points importants du cours :<\/p>\n<p>Les mouvements artistiques du XXe si\u00e8cle ont radicalement transform\u00e9 notre compr\u00e9hension de l&rsquo;art. Parmi eux se trouvent :<br \/>1. Le Fauvisme (1905\u20131910) : Ce mouvement fran\u00e7ais a favoris\u00e9 les couleurs expressives et violentes.<br \/>2. L&rsquo;Expressionnisme (1905\u20131925) : Originaire d&rsquo;Allemagne, ce mouvement voit les artistes repr\u00e9senter le monde de mani\u00e8re subjective et \u00e9motionnelle.<br \/>3. Le Cubisme (1907\u20131914) : Pionnier par Picasso et Braque, ce mouvement remet en question la perspective traditionnelle, repr\u00e9sentant les sujets sous plusieurs angles.<br \/>4. Le Dada\u00efsme (1916-1924) : Mouvement anti-guerre bas\u00e9 \u00e0 Zurich, qui rejette la logique et le raisonnement en faveur de l&rsquo;irrationnel.<\/p>\n<p>Consignes pour l&rsquo;exercice :<\/p>\n<p><img decoding=\"async\" draggable=false\" role=\"img\" class=\"emoji\" alt=\"\u270f\ufe0f\" src=\"https:\/\/s.w.org\/images\/core\/emoji\/14.0.0\/svg\/270f.svg\"> Pour chaque question au choix multipleveuillez s\u00e9lectionner une seule r\u00e9ponse que vous pensez \u00eatre correcte.<\/p>\n<p><img decoding=\"async\" draggable=\"false\" role=\"img\" class=\"emoji\" alt=\"\u270f\ufe0f\" src=\"https:\/\/s.w.org\/images\/core\/emoji\/14.0.0\/svg\/270f.svg\"> Prenez votre temps pour bien r\u00e9viser le travail fait au cours puis r\u00e9pondre aux questions sur votre feuille.<\/p>\n<p>Exercice QCM :<\/p>\n<p>1) \u00c0 quel pays est associ\u00e9 principalement le Fauvisme ?<br \/>    a) Italie<br \/>    b) France<br \/>    c) Espagne<\/p>\n<p>2) Quel c\u00e9l\u00e8bre peintre est associ\u00e9 \u00e0 Cubisme ?<br \/>   a) Claude Monet<br \/>   b) Edgar Degas<br \/>   c) Pablo Picasso<\/p>\n<p>3 )L\u2019Expressionnisme vise \u00e0 transmettre&#8230; <br \/>   a ) Une vision objective du monde <br \/>   b ) Une vision subjective du monde <\/p>\n<p>4 )Le Dada\u00efsme rejette t-il?<br \/>  a ) La guerre <br \/>  b ) La logique <\/p>\n<p>R\u00e9ponses:<br \/>1.b \/ 2.c \/ 3.b \/ 4.b<\/p>\n<p>Cet exercice convient parfaitement aux \u00e9l\u00e8ves car il utilise un langage clair et simple adapt\u00e9 pour des \u00e9l\u00e8ves de seconde tout en \u00e9tant assez difficile compte tenu des connaissances requises.<\/p>\n","protected":false},"excerpt":{"rendered":"<p>Points importants du cours : Les mouvements artistiques du XXe si\u00e8cle ont radicalement transform\u00e9 notre compr\u00e9hension de l&rsquo;art. Parmi eux se trouvent :1. Le Fauvisme (1905\u20131910) : Ce mouvement fran\u00e7ais a favoris\u00e9 les couleurs expressives et violentes.2. L&rsquo;Expressionnisme (1905\u20131925) : Originaire d&rsquo;Allemagne, ce mouvement voit les artistes repr\u00e9senter le monde de mani\u00e8re subjective et \u00e9motionnelle.3. [&hellip;]<\/p>\n","protected":false},"author":5,"featured_media":0,"comment_status":"open","ping_status":"open","sticky":false,"template":"","format":"standard","meta":{"_seopress_robots_primary_cat":"","_seopress_titles_title":"","_seopress_titles_desc":"","_seopress_robots_index":"","_et_pb_use_builder":"","_et_pb_old_content":"","_et_gb_content_width":"","footnotes":""},"categories":[54,30,5,4,318,1],"tags":[],"class_list":["post-8608","post","type-post","status-publish","format-standard","hentry","category-2nde","category-art","category-niveaux","category-matieres","category-pas-dadaptation-particuliere","category-exercices-pedagogiques-imprimables-et-gratuits"],"_links":{"self":[{"href":"https:\/\/exos.education\/fr\/wp-json\/wp\/v2\/posts\/8608","targetHints":{"allow":["GET"]}}],"collection":[{"href":"https:\/\/exos.education\/fr\/wp-json\/wp\/v2\/posts"}],"about":[{"href":"https:\/\/exos.education\/fr\/wp-json\/wp\/v2\/types\/post"}],"author":[{"embeddable":true,"href":"https:\/\/exos.education\/fr\/wp-json\/wp\/v2\/users\/5"}],"replies":[{"embeddable":true,"href":"https:\/\/exos.education\/fr\/wp-json\/wp\/v2\/comments?post=8608"}],"version-history":[{"count":0,"href":"https:\/\/exos.education\/fr\/wp-json\/wp\/v2\/posts\/8608\/revisions"}],"wp:attachment":[{"href":"https:\/\/exos.education\/fr\/wp-json\/wp\/v2\/media?parent=8608"}],"wp:term":[{"taxonomy":"category","embeddable":true,"href":"https:\/\/exos.education\/fr\/wp-json\/wp\/v2\/categories?post=8608"},{"taxonomy":"post_tag","embeddable":true,"href":"https:\/\/exos.education\/fr\/wp-json\/wp\/v2\/tags?post=8608"}],"curies":[{"name":"wp","href":"https:\/\/api.w.org\/{rel}","templated":true}]}}