{"id":8660,"date":"2023-08-24T03:25:00","date_gmt":"2023-08-24T02:25:00","guid":{"rendered":"https:\/\/exos.education\/fr\/exercice-histoire-le-monde-depuis-1945-niveau-terminale-eleves-dyspraxiques\/"},"modified":"2023-08-21T14:54:14","modified_gmt":"2023-08-21T13:54:14","slug":"exercice-histoire-le-monde-depuis-1945-niveau-terminale-eleves-dyspraxiques","status":"publish","type":"post","link":"https:\/\/exos.education\/fr\/exercice-histoire-le-monde-depuis-1945-niveau-terminale-eleves-dyspraxiques\/","title":{"rendered":"Exercice Histoire Le Monde Depuis 1945 Niveau Terminale El\u00e8ves Dyspraxiques"},"content":{"rendered":"<p>Points importants du cours : Le Monde depuis 1945<br \/>&#8212;&#8212;&#8212;&#8212;&#8212;&#8212;&#8212;&#8212;&#8212;&#8212;&#8212;&#8212;&#8212;<br \/>1. Fin de la Seconde Guerre Mondiale en 1945 marqu\u00e9e par le d\u00e9but de la Guerre Froide.<br \/>2. Cr\u00e9ation de l&rsquo;ONU en 1945 pour promouvoir la paix et r\u00e9soudre les conflits internationaux.<br \/>3. D\u00e9colonisation et \u00e9mergence du Tiers Monde.<br \/>4. Bataille des mod\u00e8les \u00e9conomiques (capitalisme\/lib\u00e9ralisme contre communisme\/socialisme).<br \/>5. Acc\u00e9l\u00e9ration de la mondialisation due au d\u00e9veloppement technologique rapide.<\/p>\n<p>Exercice: Jeu \u00e9ducatif sur le monde depuis 1945 <br \/>&#8212;&#8212;&#8212;&#8212;&#8212;&#8212;&#8212;&#8212;&#8212;&#8212;&#8212;&#8212;-<br \/>Les r\u00e8gles sont simples : Vous allez tirer une carte avec un \u00e9v\u00e9nement, une personnalit\u00e9 ou un concept li\u00e9s \u00e0 la p\u00e9riode post-1945 . Chaque bonne r\u00e9ponse validera votre carte, vous amasserez ainsi le plus grand nombre possible.<\/p>\n<p>(NB: L&rsquo;exercice est con\u00e7u pour \u00eatre accessible aux \u00e9l\u00e8ves dyspraxiques en garantissant des r\u00e9ponses claires et concises, sans n\u00e9cessit\u00e9 d&rsquo;\u00e9criture complexe ou fluide.)<\/p>\n<p>Questions:<br \/><img decoding=\"async\" draggable=false\" role=\"img\" class=\"emoji\" alt=\"1\ufe0f\u20e3\" src=\"https:\/\/s.w.org\/images\/core\/emoji\/14.0.0\/svg\/31-20e3.svg\">Qui a prononc\u00e9 le discours d\u00e9clarant l&rsquo;apparition d&rsquo;un \u00ab\u00a0Rideau de fer\u00a0\u00bb en Europe?<\/p>\n<p>Mettez une croix \u00e0 c\u00f4t\u00e9 du bon choix :<br \/>\u2022 [ ] Franklin D.Roosevelt  <br \/>\u2022 [ ] Winston Churchill<br \/>\u2022 [ ] Joseph Staline <\/p>\n<p><img decoding=\"async\" draggable=\"false\" role=\"img\" class=\"emoji\" alt=\"2\ufe0f\u20e3\" src=\"https:\/\/s.w.org\/images\/core\/emoji\/14.0.0\/svg\/32-20e3.svg\"> Quel est le nom du plan am\u00e9ricain destin\u00e9 \u00e0 aider \u00e0 la reconstruction post-Seconde Guerre mondiale ?<\/p>\n<p>\u2022 [ ] Plan Marshall <br \/>\u2022 [ ] Plan Roosevelt<br \/>\u2022 [ ] Plan Kennedy<\/p>\n<p><img decoding=\"async\" draggable=\"false\" role=\"img\" class=\"emoji\" alt=\"3\ufe0f\u20e3\" src=\"https:\/\/s.w.org\/images\/core\/emoji\/14.0.0\/svg\/33-20e3.svg\"> Quelle organisation internationale est cr\u00e9\u00e9e en 1945 pour garantir un monde pacifique?<\/p>\n<p>\u2022 [ ] OTAN<br \/>\u2022 [ ] OMC   <br \/>*[ ]ONU <\/p>\n<p>BAREME:<br \/>Chaque r\u00e9ponse correcte vous offre un point (3 points disponibles au total).<\/p>\n<p>R\u00e9ponses:<br \/>&#8212;&#8212;&#8212;&#8212;&#8212;&#8212;-<br \/><img decoding=\"async\" draggable=\"false\" role=\"img\" class=\"emoji\" alt=\"1\ufe0f\u20e3\" src=\"https:\/\/s.w.org\/images\/core\/emoji\/14.0.0\/svg\/31-20e3.svg\"> Winston Churchill a prononc\u00e9 le discours d\u00e9clarant l&rsquo;apparition d&rsquo;un \u00ab\u00a0Rideau de fer\u00a0\u00bb en Europe.<br \/><img decoding=\"async\" draggable=\"false\" role=\"img\" class=\"emoji\" alt=\"2\ufe0f\u20e3\" src=\"https:\/\/s.w.org\/images\/core\/emoji\/14.0.0\/svg\/32-20e3.svg\"> Le nom du plan destin\u00e9 \u00e0 aider \u00e0 la reconstruction post-Seconde Guerre mondiale est appel\u00e9 \u00ab\u00a0Plan Marshall\u00a0\u00bb. <br \/><img decoding=\"async\" draggable=\"false\" role=\"img\" class=\"emoji\" alt=\"3\ufe0f\u20e3\" src=\"https:\/\/s.w.org\/images\/core\/emoji\/14.0.0\/svg\/33-20e3.svg\"> L&rsquo;organisation internationale cr\u00e9\u00e9e dans l&rsquo;intention d&rsquo;accomplir un monde pacifique suite \u00e0 WWII \u00e9tait les Nations Unies (ONU).<\/p>\n","protected":false},"excerpt":{"rendered":"<p>Points importants du cours : Le Monde depuis 1945&#8212;&#8212;&#8212;&#8212;&#8212;&#8212;&#8212;&#8212;&#8212;&#8212;&#8212;&#8212;&#8212;1. Fin de la Seconde Guerre Mondiale en 1945 marqu\u00e9e par le d\u00e9but de la Guerre Froide.2. Cr\u00e9ation de l&rsquo;ONU en 1945 pour promouvoir la paix et r\u00e9soudre les conflits internationaux.3. D\u00e9colonisation et \u00e9mergence du Tiers Monde.4. Bataille des mod\u00e8les \u00e9conomiques (capitalisme\/lib\u00e9ralisme contre communisme\/socialisme).5. Acc\u00e9l\u00e9ration de la [&hellip;]<\/p>\n","protected":false},"author":5,"featured_media":0,"comment_status":"open","ping_status":"open","sticky":false,"template":"","format":"standard","meta":{"_seopress_robots_primary_cat":"","_seopress_titles_title":"","_seopress_titles_desc":"","_seopress_robots_index":"","_et_pb_use_builder":"","_et_pb_old_content":"","_et_gb_content_width":"","footnotes":""},"categories":[55,9,5,4,318,1],"tags":[],"class_list":["post-8660","post","type-post","status-publish","format-standard","hentry","category-1ere","category-histoire","category-niveaux","category-matieres","category-pas-dadaptation-particuliere","category-exercices-pedagogiques-imprimables-et-gratuits"],"_links":{"self":[{"href":"https:\/\/exos.education\/fr\/wp-json\/wp\/v2\/posts\/8660","targetHints":{"allow":["GET"]}}],"collection":[{"href":"https:\/\/exos.education\/fr\/wp-json\/wp\/v2\/posts"}],"about":[{"href":"https:\/\/exos.education\/fr\/wp-json\/wp\/v2\/types\/post"}],"author":[{"embeddable":true,"href":"https:\/\/exos.education\/fr\/wp-json\/wp\/v2\/users\/5"}],"replies":[{"embeddable":true,"href":"https:\/\/exos.education\/fr\/wp-json\/wp\/v2\/comments?post=8660"}],"version-history":[{"count":0,"href":"https:\/\/exos.education\/fr\/wp-json\/wp\/v2\/posts\/8660\/revisions"}],"wp:attachment":[{"href":"https:\/\/exos.education\/fr\/wp-json\/wp\/v2\/media?parent=8660"}],"wp:term":[{"taxonomy":"category","embeddable":true,"href":"https:\/\/exos.education\/fr\/wp-json\/wp\/v2\/categories?post=8660"},{"taxonomy":"post_tag","embeddable":true,"href":"https:\/\/exos.education\/fr\/wp-json\/wp\/v2\/tags?post=8660"}],"curies":[{"name":"wp","href":"https:\/\/api.w.org\/{rel}","templated":true}]}}